{"id":82819,"date":"2016-03-21T18:09:25","date_gmt":"2016-03-21T21:09:25","guid":{"rendered":"http:\/\/www.redenoticia.com.br\/noticia\/?p=82819"},"modified":"2016-03-21T18:09:25","modified_gmt":"2016-03-21T21:09:25","slug":"novela-malhacao-resumo-2203-alina-surpreende-uodson-com-outra-mulher","status":"publish","type":"post","link":"https:\/\/migracao.redenoticia.com.br\/noticia\/2016\/novela-malhacao-resumo-2203-alina-surpreende-uodson-com-outra-mulher\/82819","title":{"rendered":"Novela \u201cMalha\u00e7\u00e3o\u201d resumo 22\/03: Alina surpreende Uodson com outra mulher"},"content":{"rendered":"<p> <img loading=\"lazy\" decoding=\"async\" src=\"https:\/\/migracao.redenoticia.com.br\/noticia\/imagens\/malhacao_seu_lugar_no_mundo-150x112.jpg\" alt=\"malhacao_seu_lugar_no_mundo\" width=\"150\" height=\"112\" class=\"alignleft size-thumbnail wp-image-72511\" srcset=\"https:\/\/migracao.redenoticia.com.br\/noticia\/imagens\/malhacao_seu_lugar_no_mundo-150x112.jpg 150w, https:\/\/migracao.redenoticia.com.br\/noticia\/imagens\/malhacao_seu_lugar_no_mundo-265x198.jpg 265w\" sizes=\"auto, (max-width: 150px) 100vw, 150px\" \/><strong><em>Novela \u201cMalha\u00e7\u00e3o\u201d resumo 22\/03<\/em><\/strong>: a despedida de solteiro de Alina e Uodson est\u00e1 movimentando a garotada. Uodson est\u00e1 feliz, pois sua m\u00e3e lhe deu as alian\u00e7as. Cleiton e Glauco est\u00e3o armando para a despedida de solteiro de Uodson e J\u00e9ssica alerta as meninas. Nanda tamb\u00e9m decide preparar uma surpresa para a festa de Alina. Enquanto isso, Uodson e Alina temem as rea\u00e7\u00f5es um do outro sobre as despedidas de solteiro. Al\u00e9m de perder a alian\u00e7a, Alina surpreende Uodson com uma mo\u00e7a no colo.<\/p>\n<p>No capitulo 155 (*), novela \u201cMalha\u00e7\u00e3o\u201d, ter\u00e7a-feira, 22 de mar\u00e7o \u2013 J\u00e9ssica alerta as meninas que Cleiton e Glauco est\u00e3o armando para a despedida de solteiro de Uodson. Nanda decide preparar uma surpresa para a festa de Alina. Uodson e Alina temem as rea\u00e7\u00f5es um do outro sobre as despedidas de solteiro. <\/p>\n<p>Luciana e Alina selam um acordo de paz. Vanda e Monique conversam sobre seus filhos. <\/p>\n<p>Rubem comunica o plano para a viagem de f\u00e9rias e Bia se incomoda. Uodson se desespera ao perder a alian\u00e7a. Alina surpreende Uodson com uma mo\u00e7a no colo.  <\/p>\n<p>(*) edi\u00e7\u00e3o da Rede Globo, Novela \u201cMalha\u00e7\u00e3o\u201d, sujeito a altera\u00e7\u00e3o de data e conte\u00fado.<\/p>\n","protected":false},"excerpt":{"rendered":"<p>Novela \u201cMalha\u00e7\u00e3o\u201d resumo 22\/03: a despedida de solteiro de Alina e Uodson est\u00e1 movimentando a garotada. Uodson est\u00e1 feliz, pois sua m\u00e3e lhe deu as alian\u00e7as. Cleiton e Glauco est\u00e3o armando para a despedida de solteiro de Uodson e J\u00e9ssica alerta as meninas. Nanda tamb\u00e9m decide preparar uma surpresa para a festa de Alina. Enquanto [&hellip;]<\/p>\n","protected":false},"author":2,"featured_media":72511,"comment_status":"open","ping_status":"closed","sticky":false,"template":"","format":"standard","meta":{"tdm_status":"","tdm_grid_status":"","footnotes":""},"categories":[379,375,343],"tags":[],"class_list":{"0":"post-82819","1":"post","2":"type-post","3":"status-publish","4":"format-standard","5":"has-post-thumbnail","7":"category-novelas","8":"category-rede-globo","9":"category-televisao"},"_links":{"self":[{"href":"https:\/\/migracao.redenoticia.com.br\/noticia\/wp-json\/wp\/v2\/posts\/82819","targetHints":{"allow":["GET"]}}],"collection":[{"href":"https:\/\/migracao.redenoticia.com.br\/noticia\/wp-json\/wp\/v2\/posts"}],"about":[{"href":"https:\/\/migracao.redenoticia.com.br\/noticia\/wp-json\/wp\/v2\/types\/post"}],"author":[{"embeddable":true,"href":"https:\/\/migracao.redenoticia.com.br\/noticia\/wp-json\/wp\/v2\/users\/2"}],"replies":[{"embeddable":true,"href":"https:\/\/migracao.redenoticia.com.br\/noticia\/wp-json\/wp\/v2\/comments?post=82819"}],"version-history":[{"count":0,"href":"https:\/\/migracao.redenoticia.com.br\/noticia\/wp-json\/wp\/v2\/posts\/82819\/revisions"}],"wp:featuredmedia":[{"embeddable":true,"href":"https:\/\/migracao.redenoticia.com.br\/noticia\/wp-json\/wp\/v2\/media\/72511"}],"wp:attachment":[{"href":"https:\/\/migracao.redenoticia.com.br\/noticia\/wp-json\/wp\/v2\/media?parent=82819"}],"wp:term":[{"taxonomy":"category","embeddable":true,"href":"https:\/\/migracao.redenoticia.com.br\/noticia\/wp-json\/wp\/v2\/categories?post=82819"},{"taxonomy":"post_tag","embeddable":true,"href":"https:\/\/migracao.redenoticia.com.br\/noticia\/wp-json\/wp\/v2\/tags?post=82819"}],"curies":[{"name":"wp","href":"https:\/\/api.w.org\/{rel}","templated":true}]}}