{"id":82821,"date":"2016-03-21T18:14:39","date_gmt":"2016-03-21T21:14:39","guid":{"rendered":"http:\/\/www.redenoticia.com.br\/noticia\/?p=82821"},"modified":"2016-03-21T18:14:39","modified_gmt":"2016-03-21T21:14:39","slug":"novela-eta-mundo-bom-resumo-2203-maria-desconfia-de-ernesto","status":"publish","type":"post","link":"https:\/\/migracao.redenoticia.com.br\/noticia\/2016\/novela-eta-mundo-bom-resumo-2203-maria-desconfia-de-ernesto\/82821","title":{"rendered":"Novela \u201cEta Mundo Bom\u201d resumo 22\/03: Maria desconfia de Ernesto"},"content":{"rendered":"<p> <img loading=\"lazy\" decoding=\"async\" class=\"alignleft size-thumbnail wp-image-82131\" src=\"https:\/\/migracao.redenoticia.com.br\/noticia\/imagens\/eta_mundo_bom_globo_novela_resumo-150x112.jpg\" alt=\"eta_mundo_bom_globo_novela_resumo\" width=\"150\" height=\"112\" srcset=\"https:\/\/migracao.redenoticia.com.br\/noticia\/imagens\/eta_mundo_bom_globo_novela_resumo-150x112.jpg 150w, https:\/\/migracao.redenoticia.com.br\/noticia\/imagens\/eta_mundo_bom_globo_novela_resumo-265x198.jpg 265w\" sizes=\"auto, (max-width: 150px) 100vw, 150px\" \/><strong><em>Novela \u201cEta Mundo Bom\u201d resumo 22\/03<\/em><\/strong>: Sandra n\u00e3o quer que sua tia descubra o verdadeiro filho, para ela n\u00e3o ter que ficar com migalhas da heran\u00e7a. Sandra arma um plano com Celso e Ernesto para tape\u00e1-la. Ap\u00f3s conseguir roubar o cord\u00e3o de Candinho, ela come\u00e7a a treinar Ernesto para substitu\u00ed-lo. Sandra inventa para sua tia que quer lhe dar uma pintura. Chega o dia da entrevista do pintor Ernesto, que est\u00e1 se passando por Candinho, e Sandra consegue convencer a tia a contrata-lo para pintar o seu retrato. Maria desconfia da presen\u00e7a de Ernesto e depois divide com Quit\u00e9ria sua desconfian\u00e7a. Anast\u00e1cia imagina que o falso Candinho possa ser seu filho e se comove com Ernesto.<\/p>\n<p>No capitulo 056 (*), novela \u201cEta Mundo Bom\u201d,  ter\u00e7a-feira, 22 de mar\u00e7o \u2013 Sandra convence Anast\u00e1cia a contratar Ernesto para pintar seu retrato. Anast\u00e1cia imagina que o falso Candinho possa ser seu filho. Maria desconfia da presen\u00e7a de Ernesto. <\/p>\n<p>Cunegundes e Mafalda duvidam do valor do anel que Romeu deu \u00e0 mo\u00e7a. Ara\u00fajo cuida de Cl\u00e1udio. Pancr\u00e1cio insinua que Maria seria uma boa namorada para Candinho. Candinho se preocupa com as arma\u00e7\u00f5es de Pirulito. Filomena desabafa com Fragoso sobre o afastamento de Ernesto. <\/p>\n<p>In\u00e1cio confirma o valor do anel de Mafalda e Cunegundes pede que Josias leve Romeu de volta \u00e0 fazenda. Anast\u00e1cia se comove com Ernesto.<\/p>\n<p>(*) edi\u00e7\u00e3o da Rede Globo, Novela \u201cEta Mundo Bom\u201d, sujeito a altera\u00e7\u00e3o de data e conte\u00fado.<\/p>\n","protected":false},"excerpt":{"rendered":"<p>Novela \u201cEta Mundo Bom\u201d resumo 22\/03: Sandra n\u00e3o quer que sua tia descubra o verdadeiro filho, para ela n\u00e3o ter que ficar com migalhas da heran\u00e7a. Sandra arma um plano com Celso e Ernesto para tape\u00e1-la. Ap\u00f3s conseguir roubar o cord\u00e3o de Candinho, ela come\u00e7a a treinar Ernesto para substitu\u00ed-lo. Sandra inventa para sua tia [&hellip;]<\/p>\n","protected":false},"author":2,"featured_media":82131,"comment_status":"open","ping_status":"closed","sticky":false,"template":"","format":"standard","meta":{"tdm_status":"","tdm_grid_status":"","footnotes":""},"categories":[379,375,343],"tags":[],"class_list":{"0":"post-82821","1":"post","2":"type-post","3":"status-publish","4":"format-standard","5":"has-post-thumbnail","7":"category-novelas","8":"category-rede-globo","9":"category-televisao"},"_links":{"self":[{"href":"https:\/\/migracao.redenoticia.com.br\/noticia\/wp-json\/wp\/v2\/posts\/82821","targetHints":{"allow":["GET"]}}],"collection":[{"href":"https:\/\/migracao.redenoticia.com.br\/noticia\/wp-json\/wp\/v2\/posts"}],"about":[{"href":"https:\/\/migracao.redenoticia.com.br\/noticia\/wp-json\/wp\/v2\/types\/post"}],"author":[{"embeddable":true,"href":"https:\/\/migracao.redenoticia.com.br\/noticia\/wp-json\/wp\/v2\/users\/2"}],"replies":[{"embeddable":true,"href":"https:\/\/migracao.redenoticia.com.br\/noticia\/wp-json\/wp\/v2\/comments?post=82821"}],"version-history":[{"count":0,"href":"https:\/\/migracao.redenoticia.com.br\/noticia\/wp-json\/wp\/v2\/posts\/82821\/revisions"}],"wp:featuredmedia":[{"embeddable":true,"href":"https:\/\/migracao.redenoticia.com.br\/noticia\/wp-json\/wp\/v2\/media\/82131"}],"wp:attachment":[{"href":"https:\/\/migracao.redenoticia.com.br\/noticia\/wp-json\/wp\/v2\/media?parent=82821"}],"wp:term":[{"taxonomy":"category","embeddable":true,"href":"https:\/\/migracao.redenoticia.com.br\/noticia\/wp-json\/wp\/v2\/categories?post=82821"},{"taxonomy":"post_tag","embeddable":true,"href":"https:\/\/migracao.redenoticia.com.br\/noticia\/wp-json\/wp\/v2\/tags?post=82821"}],"curies":[{"name":"wp","href":"https:\/\/api.w.org\/{rel}","templated":true}]}}