{"id":82823,"date":"2016-03-21T18:20:34","date_gmt":"2016-03-21T21:20:34","guid":{"rendered":"http:\/\/www.redenoticia.com.br\/noticia\/?p=82823"},"modified":"2016-03-21T18:20:34","modified_gmt":"2016-03-21T21:20:34","slug":"novela-totalmente-demais-resumo-2203-jojo-ofende-gilda","status":"publish","type":"post","link":"https:\/\/migracao.redenoticia.com.br\/noticia\/2016\/novela-totalmente-demais-resumo-2203-jojo-ofende-gilda\/82823","title":{"rendered":"Novela \u201cTotalmente Demais\u201d resumo 22\/03: Joj\u00f4 ofende Gilda"},"content":{"rendered":"<p> <strong><em><img loading=\"lazy\" decoding=\"async\" class=\"alignleft size-thumbnail wp-image-76581\" src=\"https:\/\/migracao.redenoticia.com.br\/noticia\/imagens\/totalmente_demais_novela_resumo_globo-150x112.jpg\" alt=\"totalmente_demais_novela_resumo_globo\" width=\"150\" height=\"112\" srcset=\"https:\/\/migracao.redenoticia.com.br\/noticia\/imagens\/totalmente_demais_novela_resumo_globo-150x112.jpg 150w, https:\/\/migracao.redenoticia.com.br\/noticia\/imagens\/totalmente_demais_novela_resumo_globo-265x198.jpg 265w\" sizes=\"auto, (max-width: 150px) 100vw, 150px\" \/>Novela \u201cTotalmente Demais\u201d resumo 22\/03<\/em><\/strong>: Eliza est\u00e1 presa por causa de uma arma\u00e7\u00e3o de Dino. Germano descobre, vai atr\u00e1s da filha. Ele conta que \u00e9 seu pai verdadeiro e pede que o deixe cuidar dela. Germano acaba agredindo Dino, discute com a pol\u00edcia e \u00e9 detido por desacato \u00e0 autoridade. Arthur tamb\u00e9m quer libertar Eliza e procura a m\u00e3e da ruiva. Gilda n\u00e3o acredita em Arthur quando ele conta que Dino colocou Eliza na cadeia. Joj\u00f4 acaba ofendendo Gilda e ela resolve ir na Delegacia para questionar Dino. Logo depois, Gilda confirma as maldades de Dino contra Eliza.<\/p>\n<p>No capitulo 116 (*), novela \u201cTotalmente Demais\u201d, ter\u00e7a-feira, 22 de mar\u00e7o \u2013 Germano diz a Eliza que fez o teste de DNA para comprovar sua paternidade e pede \u00e0 filha que o deixe cuidar dela. Gilda n\u00e3o acredita em Arthur quando ele conta que Dino colocou Eliza na cadeia. <\/p>\n<p>Joj\u00f4 ofende Gilda. Pe\u00e7anha revela a Dino que Germano \u00e9 pai de Eliza. Lorena publica a pris\u00e3o de Eliza em seu site. <\/p>\n<p>Germano agride Dino, discute com a pol\u00edcia e acaba detido por desacato \u00e0 autoridade. Wesley diz a Jonatas que n\u00e3o sente suas pernas. Gilda questiona Dino sobre a pris\u00e3o de Eliza.<\/p>\n<p>(*) edi\u00e7\u00e3o da Rede Globo, Novela \u201cTotalmente Demais\u201d, sujeito a altera\u00e7\u00e3o de data e conte\u00fado. <\/p>\n","protected":false},"excerpt":{"rendered":"<p>Novela \u201cTotalmente Demais\u201d resumo 22\/03: Eliza est\u00e1 presa por causa de uma arma\u00e7\u00e3o de Dino. Germano descobre, vai atr\u00e1s da filha. Ele conta que \u00e9 seu pai verdadeiro e pede que o deixe cuidar dela. Germano acaba agredindo Dino, discute com a pol\u00edcia e \u00e9 detido por desacato \u00e0 autoridade. Arthur tamb\u00e9m quer libertar Eliza [&hellip;]<\/p>\n","protected":false},"author":2,"featured_media":76581,"comment_status":"open","ping_status":"closed","sticky":false,"template":"","format":"standard","meta":{"tdm_status":"","tdm_grid_status":"","footnotes":""},"categories":[379,375,343],"tags":[],"class_list":{"0":"post-82823","1":"post","2":"type-post","3":"status-publish","4":"format-standard","5":"has-post-thumbnail","7":"category-novelas","8":"category-rede-globo","9":"category-televisao"},"_links":{"self":[{"href":"https:\/\/migracao.redenoticia.com.br\/noticia\/wp-json\/wp\/v2\/posts\/82823","targetHints":{"allow":["GET"]}}],"collection":[{"href":"https:\/\/migracao.redenoticia.com.br\/noticia\/wp-json\/wp\/v2\/posts"}],"about":[{"href":"https:\/\/migracao.redenoticia.com.br\/noticia\/wp-json\/wp\/v2\/types\/post"}],"author":[{"embeddable":true,"href":"https:\/\/migracao.redenoticia.com.br\/noticia\/wp-json\/wp\/v2\/users\/2"}],"replies":[{"embeddable":true,"href":"https:\/\/migracao.redenoticia.com.br\/noticia\/wp-json\/wp\/v2\/comments?post=82823"}],"version-history":[{"count":0,"href":"https:\/\/migracao.redenoticia.com.br\/noticia\/wp-json\/wp\/v2\/posts\/82823\/revisions"}],"wp:featuredmedia":[{"embeddable":true,"href":"https:\/\/migracao.redenoticia.com.br\/noticia\/wp-json\/wp\/v2\/media\/76581"}],"wp:attachment":[{"href":"https:\/\/migracao.redenoticia.com.br\/noticia\/wp-json\/wp\/v2\/media?parent=82823"}],"wp:term":[{"taxonomy":"category","embeddable":true,"href":"https:\/\/migracao.redenoticia.com.br\/noticia\/wp-json\/wp\/v2\/categories?post=82823"},{"taxonomy":"post_tag","embeddable":true,"href":"https:\/\/migracao.redenoticia.com.br\/noticia\/wp-json\/wp\/v2\/tags?post=82823"}],"curies":[{"name":"wp","href":"https:\/\/api.w.org\/{rel}","templated":true}]}}