{"id":82832,"date":"2016-03-22T10:10:20","date_gmt":"2016-03-22T13:10:20","guid":{"rendered":"http:\/\/www.redenoticia.com.br\/noticia\/?p=82832"},"modified":"2016-03-21T20:50:29","modified_gmt":"2016-03-21T23:50:29","slug":"sp-oferece-capacitacao-para-profissionais-de-assistencia-social","status":"publish","type":"post","link":"https:\/\/migracao.redenoticia.com.br\/noticia\/2016\/sp-oferece-capacitacao-para-profissionais-de-assistencia-social\/82832","title":{"rendered":"SP oferece capacita\u00e7\u00e3o para profissionais de Assist\u00eancia Social"},"content":{"rendered":"<p> Profissionais da \u00e1rea de <strong><em>Assist\u00eancia Social<\/em><\/strong> em todo o Estado de S\u00e3o Paulo poder\u00e3o participar do Programa Nacional de Capacita\u00e7\u00e3o do Sistema \u00danico de Assist\u00eancia Social (CapacitaSUAS). A iniciativa \u00e9 da Secretaria de Desenvolvimento Social.<\/p>\n<p> Ser\u00e3o 2.250 vagas divididas em tr\u00eas cursos: Atualiza\u00e7\u00e3o em Gest\u00e3o Financeira e Or\u00e7ament\u00e1ria do SUAS; Atualiza\u00e7\u00e3o em Indicadores para Diagn\u00f3stico e Acompanhamento do SUAS e do Brasil Sem Mis\u00e9ria; Introdu\u00e7\u00e3o ao Provimento dos Servi\u00e7os e Benef\u00edcios Socioassistenciais do SUAS e \u00e0 Implementa\u00e7\u00e3o de A\u00e7\u00f5es do Plano Brasil Sem Mis\u00e9ria.<\/p>\n<p>&#8220;Os cursos fortalecem a rede e capacitam para melhor atendermos a popula\u00e7\u00e3o&#8221;, afirma o secret\u00e1rio de Desenvolvimento Social de S\u00e3o Paulo, Floriano Pesaro. O CapacitaSUAS \u00e9 uma parceria entre o governo federal e os estados com o objetivo de aprimorar os conhecimentos t\u00e9cnicos dos profissionais da Assist\u00eancia Social.<\/p>\n<p>A realiza\u00e7\u00e3o do projeto em S\u00e3o Paulo cabe \u00e0 Escola de Desenvolvimento Social do Estado de S\u00e3o Paulo (EDESP), em parceria com a Funda\u00e7\u00e3o do Desenvolvimento Administrativo (Fundap).<\/p>\n<p>Do Portal do Governo do Estado SP<\/p>\n","protected":false},"excerpt":{"rendered":"<p>Profissionais da \u00e1rea de Assist\u00eancia Social em todo o Estado de S\u00e3o Paulo poder\u00e3o participar do Programa Nacional de Capacita\u00e7\u00e3o do Sistema \u00danico de Assist\u00eancia Social (CapacitaSUAS). A iniciativa \u00e9 da Secretaria de Desenvolvimento Social. Ser\u00e3o 2.250 vagas divididas em tr\u00eas cursos: Atualiza\u00e7\u00e3o em Gest\u00e3o Financeira e Or\u00e7ament\u00e1ria do SUAS; Atualiza\u00e7\u00e3o em Indicadores para Diagn\u00f3stico [&hellip;]<\/p>\n","protected":false},"author":2,"featured_media":35036,"comment_status":"open","ping_status":"closed","sticky":false,"template":"","format":"standard","meta":{"tdm_status":"","tdm_grid_status":"","footnotes":""},"categories":[22,351,370],"tags":[],"class_list":{"0":"post-82832","1":"post","2":"type-post","3":"status-publish","4":"format-standard","5":"has-post-thumbnail","7":"category-brasil","8":"category-cursos","9":"category-inscricao"},"_links":{"self":[{"href":"https:\/\/migracao.redenoticia.com.br\/noticia\/wp-json\/wp\/v2\/posts\/82832","targetHints":{"allow":["GET"]}}],"collection":[{"href":"https:\/\/migracao.redenoticia.com.br\/noticia\/wp-json\/wp\/v2\/posts"}],"about":[{"href":"https:\/\/migracao.redenoticia.com.br\/noticia\/wp-json\/wp\/v2\/types\/post"}],"author":[{"embeddable":true,"href":"https:\/\/migracao.redenoticia.com.br\/noticia\/wp-json\/wp\/v2\/users\/2"}],"replies":[{"embeddable":true,"href":"https:\/\/migracao.redenoticia.com.br\/noticia\/wp-json\/wp\/v2\/comments?post=82832"}],"version-history":[{"count":0,"href":"https:\/\/migracao.redenoticia.com.br\/noticia\/wp-json\/wp\/v2\/posts\/82832\/revisions"}],"wp:featuredmedia":[{"embeddable":true,"href":"https:\/\/migracao.redenoticia.com.br\/noticia\/wp-json\/wp\/v2\/media\/35036"}],"wp:attachment":[{"href":"https:\/\/migracao.redenoticia.com.br\/noticia\/wp-json\/wp\/v2\/media?parent=82832"}],"wp:term":[{"taxonomy":"category","embeddable":true,"href":"https:\/\/migracao.redenoticia.com.br\/noticia\/wp-json\/wp\/v2\/categories?post=82832"},{"taxonomy":"post_tag","embeddable":true,"href":"https:\/\/migracao.redenoticia.com.br\/noticia\/wp-json\/wp\/v2\/tags?post=82832"}],"curies":[{"name":"wp","href":"https:\/\/api.w.org\/{rel}","templated":true}]}}