{"id":82834,"date":"2016-03-22T10:20:34","date_gmt":"2016-03-22T13:20:34","guid":{"rendered":"http:\/\/www.redenoticia.com.br\/noticia\/?p=82834"},"modified":"2016-03-21T20:52:26","modified_gmt":"2016-03-21T23:52:26","slug":"butantan-promove-curso-sobre-caracterizacao-genomica","status":"publish","type":"post","link":"https:\/\/migracao.redenoticia.com.br\/noticia\/2016\/butantan-promove-curso-sobre-caracterizacao-genomica\/82834","title":{"rendered":"Butantan promove curso sobre caracteriza\u00e7\u00e3o gen\u00f4mica"},"content":{"rendered":"<p> Ag\u00eancia FAPESP \u2013 O <strong><em>Instituto Butantan<\/em><\/strong> realiza curso de extens\u00e3o universit\u00e1ria \u201cMetodologia de DNA combing: embasamento e aplica\u00e7\u00f5es\u201d, de 30 de maio a 1\u00ba de junho. O curso \u00e9 gratuito e destinado a estudantes de p\u00f3s-gradua\u00e7\u00e3o. As inscri\u00e7\u00f5es encerram em 10 de maio.<\/p>\n<p>O programa ser\u00e1 ministrado pela equipe de Maria Carolina Q. B. Elias Sabbaga, pesquisadora do Centro de Toxinas, Resposta-Imune e Sinaliza\u00e7\u00e3o Celular (), um dos Centros de Pesquisa, Inova\u00e7\u00e3o e Difus\u00e3o () apoiados pela FAPESP, ligado ao Laborat\u00f3rio Especial de Toxinologia Aplicada (LETA) do Instituto Butantan.<\/p>\n<p>No curso ser\u00e3o apresentadas an\u00e1lises de mol\u00e9culas \u00fanicas com a possibilidade de compara\u00e7\u00e3o dos dados obtidos com aqueles fornecidos por an\u00e1lise de larga escala da era p\u00f3s-genoma. \u201cAbordaremos o uso da metodologia de DNA combing para determinar mapas f\u00edsicos do genoma, detectar microdele\u00e7\u00f5es, amplifica\u00e7\u00f5es e rearranjos complexos no genoma, al\u00e9m de estudar a din\u00e2mica da replica\u00e7\u00e3o do DNA\u201d, explica Sabbaga.<\/p>\n<p>O m\u00f3dulo disp\u00f5e de 15 vagas, com 13 horas de dura\u00e7\u00e3o e aulas das 8h30 \u00e0s 13h. Os interessados dever\u00e3o enviar o curr\u00edculo para o e-mail cursos.cultural@butantan.gov.br. A lista de aprovados ser\u00e1 divulgada no site do Instituto Butantan no dia 20 de maio. Os selecionados receber\u00e3o um e-mail com informa\u00e7\u00f5es para a inscri\u00e7\u00e3o tamb\u00e9m no dia 20.<\/p>\n<p>Mais informa\u00e7\u00f5es sobre o curso e inscri\u00e7\u00f5es podem ser obtidas por telefone: (11) 2627-9538\/9548 ou e-mail:\u00a0cursos.cultural@butantan.gov.br.<\/p>\n","protected":false},"excerpt":{"rendered":"<p>Ag\u00eancia FAPESP \u2013 O Instituto Butantan realiza curso de extens\u00e3o universit\u00e1ria \u201cMetodologia de DNA combing: embasamento e aplica\u00e7\u00f5es\u201d, de 30 de maio a 1\u00ba de junho. O curso \u00e9 gratuito e destinado a estudantes de p\u00f3s-gradua\u00e7\u00e3o. As inscri\u00e7\u00f5es encerram em 10 de maio. O programa ser\u00e1 ministrado pela equipe de Maria Carolina Q. B. Elias [&hellip;]<\/p>\n","protected":false},"author":2,"featured_media":34864,"comment_status":"open","ping_status":"closed","sticky":false,"template":"","format":"standard","meta":{"tdm_status":"","tdm_grid_status":"","footnotes":""},"categories":[22,351,370],"tags":[],"class_list":{"0":"post-82834","1":"post","2":"type-post","3":"status-publish","4":"format-standard","5":"has-post-thumbnail","7":"category-brasil","8":"category-cursos","9":"category-inscricao"},"_links":{"self":[{"href":"https:\/\/migracao.redenoticia.com.br\/noticia\/wp-json\/wp\/v2\/posts\/82834","targetHints":{"allow":["GET"]}}],"collection":[{"href":"https:\/\/migracao.redenoticia.com.br\/noticia\/wp-json\/wp\/v2\/posts"}],"about":[{"href":"https:\/\/migracao.redenoticia.com.br\/noticia\/wp-json\/wp\/v2\/types\/post"}],"author":[{"embeddable":true,"href":"https:\/\/migracao.redenoticia.com.br\/noticia\/wp-json\/wp\/v2\/users\/2"}],"replies":[{"embeddable":true,"href":"https:\/\/migracao.redenoticia.com.br\/noticia\/wp-json\/wp\/v2\/comments?post=82834"}],"version-history":[{"count":0,"href":"https:\/\/migracao.redenoticia.com.br\/noticia\/wp-json\/wp\/v2\/posts\/82834\/revisions"}],"wp:featuredmedia":[{"embeddable":true,"href":"https:\/\/migracao.redenoticia.com.br\/noticia\/wp-json\/wp\/v2\/media\/34864"}],"wp:attachment":[{"href":"https:\/\/migracao.redenoticia.com.br\/noticia\/wp-json\/wp\/v2\/media?parent=82834"}],"wp:term":[{"taxonomy":"category","embeddable":true,"href":"https:\/\/migracao.redenoticia.com.br\/noticia\/wp-json\/wp\/v2\/categories?post=82834"},{"taxonomy":"post_tag","embeddable":true,"href":"https:\/\/migracao.redenoticia.com.br\/noticia\/wp-json\/wp\/v2\/tags?post=82834"}],"curies":[{"name":"wp","href":"https:\/\/api.w.org\/{rel}","templated":true}]}}