{"id":8284,"date":"2009-08-11T19:29:56","date_gmt":"2009-08-11T23:29:56","guid":{"rendered":"http:\/\/www.redenoticia.com.br\/noticia\/?p=8284"},"modified":"2009-08-11T23:25:29","modified_gmt":"2009-08-12T03:25:29","slug":"festas-noivas-realiza-13%c2%aa-edicao-em-campinas","status":"publish","type":"post","link":"https:\/\/migracao.redenoticia.com.br\/noticia\/2009\/festas-noivas-realiza-13%c2%aa-edicao-em-campinas\/8284","title":{"rendered":"Festas &#038; Noivas realiza 13\u00aa edi\u00e7\u00e3o em Campinas"},"content":{"rendered":"<p>Nem mesmo a t\u00e3o comentada crise econ\u00f4mica mundial parece afetar o mercado do casamento, que continua crescendo no Pa\u00eds. S\u00e3o realizados, em m\u00e9dia, mais de 900 mil casamentos oficiais por ano no Brasil e destes, 244 mil s\u00e3o apenas no estado de S\u00e3o Paulo, dos quais aproximadamente 17,5 mil, em Campinas. Segundo a \u00faltima pesquisa do IBGE,\u00a0cerca de 67 milh\u00f5es de brasileiros casaram no civil e no religioso. \u201cOs noivos devem ficar atentos, pois \u00e9 preciso se organizar com anteced\u00eancia para que o casamento saia como nos sonhos\u201d, adianta Selma Palermo, diretora da FairTrade, empresa organizadora do\u00a0<strong>Festas &amp; Noivas<\/strong>, que este ano chega a sua 13\u00aa edi\u00e7\u00e3o e ser\u00e1 realizada entre os dias 13 (quinta-feira) \u00a0de agosto e vai at\u00e9 16 (domingo).<\/p>\n<p>Portanto, quem est\u00e1 pensando em casamento n\u00e3o pode deixar de visitar o Festas &amp; Noivas Campinas. Pelo quarto ano consecutivo, a Feira ser\u00e1 realizada no Iguatemi Campinas, no estacionamento coberto (P2).\u00a0 Esta \u00e9 a maior feira do segmento do interior do Estado de S\u00e3o Paulo. A expectativa de p\u00fablico \u00e9 de oito mil pessoas. O volume de neg\u00f3cios gerados no evento Festas &amp; Noivas cresce a cada ano e os organizadores esperam repetir a performance das edi\u00e7\u00f5es anteriores, com resultados da ordem de R$ 2 milh\u00f5es a cada edi\u00e7\u00e3o.<\/p>\n<p>S\u00e3o\u00a096\u00a0expositores apresentando ao p\u00fablico o que h\u00e1 de mais atual, moderno e profissional para casamento e festas, reunidos em um s\u00f3 lugar. Acontecer\u00e3o desfiles di\u00e1rios, com modelos para noivas e madrinhas, al\u00e9m de apresenta\u00e7\u00f5es musicais, mostra de decora\u00e7\u00e3o, exposi\u00e7\u00e3o fotogr\u00e1fica e espa\u00e7o gourmet.<\/p>\n<p>Acess\u00f3rios, assessorias para eventos, bebidas, bem-casados, bolos e doces, buf\u00eas, cabeleireiros\/dia da noiva, loca\u00e7\u00e3o de carros, cerimonial, cl\u00ednica de est\u00e9tica, construtora, convites, decora\u00e7\u00e3o, DJ\/Ilumina\u00e7\u00e3o\/Som, enxoval, equipamentos audiovisuais, fotografia e filmagem, hotel, joalheria, lembrancinhas, lista de presentes, loca\u00e7\u00e3o de materiais para festas, m\u00fasica, sal\u00f5es e espa\u00e7o para eventos, vestidos de noivas e festas comp\u00f5e o mix de produtos e servi\u00e7os que ser\u00e3o apresentados durante a Feira.<\/p>\n<p><strong><span style=\"text-decoration: underline;\">SERVI\u00c7O:<\/span><\/strong><\/p>\n<p><strong>Programa\u00e7\u00e3o de desfiles e apresenta\u00e7\u00f5es musicais<\/strong><\/p>\n<p>Os desfiles de noivas acontecem de quinta a s\u00e1bado a partir das 20h30 e no domingo \u00e0s 19h30, na passarela central. Os estilistas participantes prometem dar a no\u00e7\u00e3o exata dos tecidos, modelos, grinaldas, cal\u00e7ados e acess\u00f3rios. Pe\u00e7as glamourosas para casamentos elegantes e inesquec\u00edveis. As apresenta\u00e7\u00f5es musicais tamb\u00e9m acontecer\u00e3o diariamente, a partir das 18h00.<\/p>\n<p align=\"center\">\n<p align=\"center\"><strong>13\u00aa edi\u00e7\u00e3o Festas &amp; Noivas<\/strong><\/p>\n<p align=\"center\">13 a\u00a016 de agosto de 2009. Hor\u00e1rio: das 14h \u00e0s 22h.<\/p>\n<p align=\"center\">Shopping Iguatemi Campinas, estacionamento coberto (P2).<\/p>\n<p align=\"center\">Avenida Iguatemi, 777, Vila Brandina, Campinas-SP.<\/p>\n<p align=\"center\">Entrada: R$ 10,00.<\/p>\n<p align=\"center\">Informa\u00e7\u00f5es:\u00a0<a title=\"http:\/\/www.festasenoivas.com.br\/\" href=\"http:\/\/tr2.virtualtarget.com.br\/index.dma\/DmaClick?1194,6503,18381,28645,fa905b0a644c402fac3e4b45936f7f93,aHR0cDovL3d3dy5mZXN0YXNlbm9pdmFzLmNvbS5ici8=,2\" target=\"_blank\">www.festasenoivas.com.br<\/a><\/p>\n<p align=\"center\">Realiza\u00e7\u00e3o: FairTrade Feiras e Eventos<\/p>\n","protected":false},"excerpt":{"rendered":"<p>Nem mesmo a t\u00e3o comentada crise econ\u00f4mica mundial parece afetar o mercado do casamento, que continua crescendo no Pa\u00eds. S\u00e3o realizados, em m\u00e9dia, mais de 900 mil casamentos oficiais por ano no Brasil e destes, 244 mil s\u00e3o apenas no estado de S\u00e3o Paulo, dos quais aproximadamente 17,5 mil, em Campinas. Segundo a \u00faltima pesquisa [&hellip;]<\/p>\n","protected":false},"author":2,"featured_media":0,"comment_status":"open","ping_status":"open","sticky":false,"template":"","format":"standard","meta":{"tdm_status":"","tdm_grid_status":"","footnotes":""},"categories":[7],"tags":[],"class_list":{"0":"post-8284","1":"post","2":"type-post","3":"status-publish","4":"format-standard","6":"category-economia"},"_links":{"self":[{"href":"https:\/\/migracao.redenoticia.com.br\/noticia\/wp-json\/wp\/v2\/posts\/8284","targetHints":{"allow":["GET"]}}],"collection":[{"href":"https:\/\/migracao.redenoticia.com.br\/noticia\/wp-json\/wp\/v2\/posts"}],"about":[{"href":"https:\/\/migracao.redenoticia.com.br\/noticia\/wp-json\/wp\/v2\/types\/post"}],"author":[{"embeddable":true,"href":"https:\/\/migracao.redenoticia.com.br\/noticia\/wp-json\/wp\/v2\/users\/2"}],"replies":[{"embeddable":true,"href":"https:\/\/migracao.redenoticia.com.br\/noticia\/wp-json\/wp\/v2\/comments?post=8284"}],"version-history":[{"count":0,"href":"https:\/\/migracao.redenoticia.com.br\/noticia\/wp-json\/wp\/v2\/posts\/8284\/revisions"}],"wp:attachment":[{"href":"https:\/\/migracao.redenoticia.com.br\/noticia\/wp-json\/wp\/v2\/media?parent=8284"}],"wp:term":[{"taxonomy":"category","embeddable":true,"href":"https:\/\/migracao.redenoticia.com.br\/noticia\/wp-json\/wp\/v2\/categories?post=8284"},{"taxonomy":"post_tag","embeddable":true,"href":"https:\/\/migracao.redenoticia.com.br\/noticia\/wp-json\/wp\/v2\/tags?post=8284"}],"curies":[{"name":"wp","href":"https:\/\/api.w.org\/{rel}","templated":true}]}}