{"id":82844,"date":"2016-03-22T10:28:37","date_gmt":"2016-03-22T13:28:37","guid":{"rendered":"http:\/\/www.redenoticia.com.br\/noticia\/?p=82844"},"modified":"2016-03-21T20:59:49","modified_gmt":"2016-03-21T23:59:49","slug":"inadimplencia-com-cheques-fica-em-227-diz-pesquisa","status":"publish","type":"post","link":"https:\/\/migracao.redenoticia.com.br\/noticia\/2016\/inadimplencia-com-cheques-fica-em-227-diz-pesquisa\/82844","title":{"rendered":"Inadimpl\u00eancia com cheques fica em 2,27%, diz pesquisa"},"content":{"rendered":"<p> Em todo o pa\u00eds, o percentual de <strong><em>cheques devolvidos<\/em><\/strong> pela segunda vez por insufici\u00eancia de fundos fechou fevereiro em 2,27%. Segundo a empresa de consultoria Serasa Experian, foi o segundo maior \u00edndice de inadimpl\u00eancia para o m\u00eas de fevereiro de toda a s\u00e9rie hist\u00f3rica, iniciada em 1991.<\/p>\n<p>O maior valor para um m\u00eas de fevereiro havia sido a devolu\u00e7\u00e3o de 2,32% do total de cheques, registrada em 2009. No m\u00eas de janeiro deste ano, foram devolvidos 2,41%. Em fevereiro de 2015, o \u00edndice chegou 2,19%.<\/p>\n<p>Segundo os economistas da Serasa, o n\u00edvel elevado da inadimpl\u00eancia com cheques em fevereiro \u00faltimo \u00e9 decorrente da alta dos \u00edndices de desemprego no pa\u00eds, o que afetou a gera\u00e7\u00e3o de renda e capacidade de pagamento de compromissos financeiros por parte dos consumidores.<\/p>\n<p>Da Ag\u00eancia Brasil<br \/>\nEdi\u00e7\u00e3o: Kleber Sampaio<br \/>\n22\/03\/2016<br \/>\n&#8212;<br \/>\nA Empresa Brasil de Comunica\u00e7\u00e3o \u00e9 uma institui\u00e7\u00e3o da democracia brasileira: p\u00fablica, inclusiva e cidad\u00e3.  Criada em 2007 para fortalecer o sistema p\u00fablico de comunica\u00e7\u00e3o, \u00e9 gestora dos canais TV Brasil, TV Brasil Internacional, Ag\u00eancia Brasil, Radioag\u00eancia Nacional e do sistema p\u00fablico de R\u00e1dio \u2013 composto por oito emissoras. Estes, por sua independ\u00eancia editorial, distinguem-se dos canais estatais ou governamentais, com conte\u00fados diferenciados e complementares aos canais privados. Os ve\u00edculos da EBC t\u00eam autonomia para definir produ\u00e7\u00e3o, programa\u00e7\u00e3o e distribui\u00e7\u00e3o de conte\u00fados.<\/p>\n","protected":false},"excerpt":{"rendered":"<p>Em todo o pa\u00eds, o percentual de cheques devolvidos pela segunda vez por insufici\u00eancia de fundos fechou fevereiro em 2,27%. Segundo a empresa de consultoria Serasa Experian, foi o segundo maior \u00edndice de inadimpl\u00eancia para o m\u00eas de fevereiro de toda a s\u00e9rie hist\u00f3rica, iniciada em 1991. O maior valor para um m\u00eas de fevereiro [&hellip;]<\/p>\n","protected":false},"author":2,"featured_media":57585,"comment_status":"open","ping_status":"closed","sticky":false,"template":"","format":"standard","meta":{"tdm_status":"","tdm_grid_status":"","footnotes":""},"categories":[22,7],"tags":[],"class_list":{"0":"post-82844","1":"post","2":"type-post","3":"status-publish","4":"format-standard","5":"has-post-thumbnail","7":"category-brasil","8":"category-economia"},"_links":{"self":[{"href":"https:\/\/migracao.redenoticia.com.br\/noticia\/wp-json\/wp\/v2\/posts\/82844","targetHints":{"allow":["GET"]}}],"collection":[{"href":"https:\/\/migracao.redenoticia.com.br\/noticia\/wp-json\/wp\/v2\/posts"}],"about":[{"href":"https:\/\/migracao.redenoticia.com.br\/noticia\/wp-json\/wp\/v2\/types\/post"}],"author":[{"embeddable":true,"href":"https:\/\/migracao.redenoticia.com.br\/noticia\/wp-json\/wp\/v2\/users\/2"}],"replies":[{"embeddable":true,"href":"https:\/\/migracao.redenoticia.com.br\/noticia\/wp-json\/wp\/v2\/comments?post=82844"}],"version-history":[{"count":0,"href":"https:\/\/migracao.redenoticia.com.br\/noticia\/wp-json\/wp\/v2\/posts\/82844\/revisions"}],"wp:featuredmedia":[{"embeddable":true,"href":"https:\/\/migracao.redenoticia.com.br\/noticia\/wp-json\/wp\/v2\/media\/57585"}],"wp:attachment":[{"href":"https:\/\/migracao.redenoticia.com.br\/noticia\/wp-json\/wp\/v2\/media?parent=82844"}],"wp:term":[{"taxonomy":"category","embeddable":true,"href":"https:\/\/migracao.redenoticia.com.br\/noticia\/wp-json\/wp\/v2\/categories?post=82844"},{"taxonomy":"post_tag","embeddable":true,"href":"https:\/\/migracao.redenoticia.com.br\/noticia\/wp-json\/wp\/v2\/tags?post=82844"}],"curies":[{"name":"wp","href":"https:\/\/api.w.org\/{rel}","templated":true}]}}