{"id":82846,"date":"2016-03-22T10:39:53","date_gmt":"2016-03-22T13:39:53","guid":{"rendered":"http:\/\/www.redenoticia.com.br\/noticia\/?p=82846"},"modified":"2016-03-21T21:01:08","modified_gmt":"2016-03-22T00:01:08","slug":"petrobras-tem-prejuizo-de-r-3483-bilhoes-em-2015","status":"publish","type":"post","link":"https:\/\/migracao.redenoticia.com.br\/noticia\/2016\/petrobras-tem-prejuizo-de-r-3483-bilhoes-em-2015\/82846","title":{"rendered":"Petrobras tem preju\u00edzo de R$ 34,83 bilh\u00f5es em 2015"},"content":{"rendered":"<p> A <strong><em>Petrobras registrou preju\u00edzo<\/em><\/strong> de R$ 34,836 bilh\u00f5es em 2015. Em 2014, as perdas somaram R$ 21,587 bilh\u00f5es. O resultado foi anunciado, h\u00e1 pouco, pelo presidente da estatal, Aldemir Bendine.<\/p>\n<p>Apenas no quarto trimestre, o preju\u00edzo da empresa foi de R$ 36,938 bilh\u00f5es. Entre as causas do preju\u00edzo, a empresa cita &#8220;o impairment (ajuste) de ativos e de investimentos, principalmente em fun\u00e7\u00e3o do decl\u00ednio dos pre\u00e7os do petr\u00f3leo e incremento nas taxas de desconto, reflexo do aumento do risco Brasil pela perda do grau de investimento (R$ 49,748 bilh\u00f5es); despesas de juros e perda cambial (R$ 32,908 bilh\u00f5es).<\/p>\n<p>O preju\u00edzo operacional ficou em R$ 12,4 bilh\u00f5es , o que significa queda de 42%, se comparado com o ano anterior.<\/p>\n<p>Os investimentos somaram R$ 76,3 bilh\u00f5es, representando redu\u00e7\u00e3o de 12% em rela\u00e7\u00e3o a 2014.<\/p>\n<p>De acordo com a Petrobras, a queda do barril de petr\u00f3leo tipo Brent provocou impacto negativo no resultado da empresa, que apontou ainda a desvaloriza\u00e7\u00e3o cambial como influ\u00eancia negativa.<\/p>\n<p>O presidente da Petrobras, Aldemir Bendine, disse que, apesar de um resultado cont\u00e1bil negativo, a empresa teve um resultado gerencial positivo. Segundo Bendine, depois de oito anos, a companhia apresentou gera\u00e7\u00e3o de fluxo de caixa positivo e as despesas administrativas recuaram significativamente. &#8220;Mesmo em ano t\u00e3o dif\u00edcil, como foi 2015, com a valoriza\u00e7\u00e3o do d\u00f3lar frente ao real, tivemos um recuo forte na nossa d\u00edvida l\u00edquida e uma disciplina muito forte, n\u00e3o s\u00f3 de capital, mas em uma busca de efici\u00eancia muito grande.&#8221;<\/p>\n<p>Cristina Indio do Brasil &#8211; Rep\u00f3rter da Ag\u00eancia Brasil<br \/>\nEdi\u00e7\u00e3o: N\u00e1dia Franco<br \/>\n22\/03\/2016<\/p>\n","protected":false},"excerpt":{"rendered":"<p>A Petrobras registrou preju\u00edzo de R$ 34,836 bilh\u00f5es em 2015. Em 2014, as perdas somaram R$ 21,587 bilh\u00f5es. O resultado foi anunciado, h\u00e1 pouco, pelo presidente da estatal, Aldemir Bendine. Apenas no quarto trimestre, o preju\u00edzo da empresa foi de R$ 36,938 bilh\u00f5es. Entre as causas do preju\u00edzo, a empresa cita &#8220;o impairment (ajuste) de [&hellip;]<\/p>\n","protected":false},"author":2,"featured_media":38938,"comment_status":"open","ping_status":"closed","sticky":false,"template":"","format":"standard","meta":{"tdm_status":"","tdm_grid_status":"","footnotes":""},"categories":[22,7],"tags":[],"class_list":{"0":"post-82846","1":"post","2":"type-post","3":"status-publish","4":"format-standard","5":"has-post-thumbnail","7":"category-brasil","8":"category-economia"},"_links":{"self":[{"href":"https:\/\/migracao.redenoticia.com.br\/noticia\/wp-json\/wp\/v2\/posts\/82846","targetHints":{"allow":["GET"]}}],"collection":[{"href":"https:\/\/migracao.redenoticia.com.br\/noticia\/wp-json\/wp\/v2\/posts"}],"about":[{"href":"https:\/\/migracao.redenoticia.com.br\/noticia\/wp-json\/wp\/v2\/types\/post"}],"author":[{"embeddable":true,"href":"https:\/\/migracao.redenoticia.com.br\/noticia\/wp-json\/wp\/v2\/users\/2"}],"replies":[{"embeddable":true,"href":"https:\/\/migracao.redenoticia.com.br\/noticia\/wp-json\/wp\/v2\/comments?post=82846"}],"version-history":[{"count":0,"href":"https:\/\/migracao.redenoticia.com.br\/noticia\/wp-json\/wp\/v2\/posts\/82846\/revisions"}],"wp:featuredmedia":[{"embeddable":true,"href":"https:\/\/migracao.redenoticia.com.br\/noticia\/wp-json\/wp\/v2\/media\/38938"}],"wp:attachment":[{"href":"https:\/\/migracao.redenoticia.com.br\/noticia\/wp-json\/wp\/v2\/media?parent=82846"}],"wp:term":[{"taxonomy":"category","embeddable":true,"href":"https:\/\/migracao.redenoticia.com.br\/noticia\/wp-json\/wp\/v2\/categories?post=82846"},{"taxonomy":"post_tag","embeddable":true,"href":"https:\/\/migracao.redenoticia.com.br\/noticia\/wp-json\/wp\/v2\/tags?post=82846"}],"curies":[{"name":"wp","href":"https:\/\/api.w.org\/{rel}","templated":true}]}}