{"id":82865,"date":"2016-03-22T15:26:00","date_gmt":"2016-03-22T18:26:00","guid":{"rendered":"http:\/\/www.redenoticia.com.br\/noticia\/?p=82865"},"modified":"2016-03-22T15:26:00","modified_gmt":"2016-03-22T18:26:00","slug":"novela-cuidado-com-o-anjo-resumo-2303-malu-descobre-que-ficou-cega","status":"publish","type":"post","link":"https:\/\/migracao.redenoticia.com.br\/noticia\/2016\/novela-cuidado-com-o-anjo-resumo-2303-malu-descobre-que-ficou-cega\/82865","title":{"rendered":"Novela \u201cCuidado com o Anjo\u201d resumo 23\/03: Mal\u00fa descobre que ficou cega"},"content":{"rendered":"<p> <img loading=\"lazy\" decoding=\"async\" src=\"https:\/\/migracao.redenoticia.com.br\/noticia\/imagens\/cuidado-com-o-anjo-novela-resumo-capitulo-sbt-episodio-150x112.jpg\" alt=\"cuidado com o anjo novela resumo capitulo sbt episodio\" width=\"150\" height=\"112\" class=\"alignleft size-thumbnail wp-image-82049\" srcset=\"https:\/\/migracao.redenoticia.com.br\/noticia\/imagens\/cuidado-com-o-anjo-novela-resumo-capitulo-sbt-episodio-150x112.jpg 150w, https:\/\/migracao.redenoticia.com.br\/noticia\/imagens\/cuidado-com-o-anjo-novela-resumo-capitulo-sbt-episodio-265x198.jpg 265w\" sizes=\"auto, (max-width: 150px) 100vw, 150px\" \/><strong><em>Novela \u201cCuidado com o Anjo\u201d resumo 23\/03<\/em><\/strong>: ap\u00f3s a cirurgia complicada, Mal\u00fa recobra a consci\u00eancia e Leopardo, que est\u00e1 ao seu lado, fica feliz ao ouvi-la falar, mas ela reclama que n\u00e3o pode abrir os olhos. Jo\u00e3o Miguel leva Jo\u00e3ozinho at\u00e9 o hospital para que Mal\u00fa o veja quando despertar. Logo depois, Mal\u00fa volta a si e se desespera ao abrir os olhos e perceber que est\u00e1 cega. Cec\u00edlia avisa \u00e0 Patr\u00edcio a terr\u00edvel not\u00edcia, j\u00e1 que ele finalmente aceitou Mal\u00fa como sua filha. Enquanto isso, a pol\u00edcia investiga o acidente.<\/p>\n<p>No capitulo 083(*), novela \u201cCuidado com o Anjo\u201d, quarta-feira, 23 de mar\u00e7o \u2013 Emocionada, Cec\u00edlia abra\u00e7a Patr\u00edcio por finalmente aceitar Mal\u00fa como sua filha e ele diz que devem estar prevenidos, pois ela poder\u00e1 ficar com sequelas. Branca diz a Jo\u00e3o Miguel que talvez Leopardo esteja mesmo apaixonado por Mal\u00fa. A mo\u00e7a afirma que se for assim, n\u00e3o h\u00e1 lugar para ela em sua vida. Leopardo est\u00e1 ao lado de Mal\u00fa quando ela recobra a consci\u00eancia e fica feliz ao ouvi-la falar e perceber que ela o reconhece. Por\u00e9m, ela reclama que n\u00e3o pode abrir os olhos. Estef\u00e2nia e Isabela lamentam que Mal\u00fa tenha se salvado. A pol\u00edcia interroga Ramon e ele come\u00e7a a se lembrar de que viu uma mulher entrando nos bastidores do teatro. Jo\u00e3o Miguel diz a Leopardo que o mais importante \u00e9 que Mal\u00fa sobreviva mesmo que n\u00e3o voltem a ficar juntos. A pol\u00edcia interroga Ana J\u00falia e a questiona sobre a mulher a que Ramon se referiu. <\/p>\n<p>Of\u00e9lia visita o inspetor Rocha e pede a ele que lhe permita ver as evid\u00eancias que provam que sua filha era uma assassina. Em Acapulco, Estef\u00e2nia conhece Rodolfo, que a convida para jantar. Jo\u00e3o Miguel leva Jo\u00e3ozinho at\u00e9 o hospital para que Mal\u00fa o veja quando despertar. A mo\u00e7a volta a si e se desespera ao abrir os olhos e perceber que est\u00e1 cega. Leopardo culpa Jo\u00e3o Miguel pelo que aconteceu e os dois discutem. Cec\u00edlia d\u00e1 a Patr\u00edcio a terr\u00edvel not\u00edcia. Interesseira, Estef\u00e2nia pretende conquistar Rodolfo, pois acredita que ele tem muito dinheiro e, depois voltar\u00e1 para a capital fingindo n\u00e3o saber de nada que aconteceu durante sua aus\u00eancia. <\/p>\n<p>Amador revela para a pol\u00edcia que a mulher que esteve no teatro se chama Estef\u00e2nia Velarde. Imediatamente, eles procuram o juiz para informar que sua filha Estef\u00e2nia \u00e9 a principal suspeita. Mal\u00fa pergunta \u00e0 m\u00e3e se vai ficar cega para sempre. Gustavo, por telefone, confirma para Of\u00e9lia que Viviana tentou matar sua esposa. Depois, ela v\u00ea as provas do crime que sua filha cometeu na Jamaica. Jo\u00e3o Miguel est\u00e1 o tempo todo ao lado de Mal\u00fa, mas sempre que ela acorda encontra Leopardo ao seu lado. Na delegacia, Patr\u00edcio admite que Estef\u00e2nia seja capaz de matar Mal\u00fa, pois a odeia e informa \u00e0 pol\u00edcia que ela est\u00e1 em Acapulco. Amador visita Mal\u00fa e conta que a pol\u00edcia est\u00e1 investigando e acredita que algu\u00e9m tentou mat\u00e1-la. Leopardo e Jo\u00e3o Miguel se unem para cuidar de Mal\u00fa. Patr\u00edcio se v\u00ea obrigado a contar a Cec\u00edlia que Estef\u00e2nia \u00e9 a principal suspeita do que aconteceu com Mal\u00fa. Estef\u00e2nia e Isabela recebem uma intima\u00e7\u00e3o informando que ter\u00e1 que prestar depoimento. Jo\u00e3o Miguel passa a noite no hospital com Mal\u00fa. Ela acorda e chama por Leopardo. <\/p>\n<p>(*) edi\u00e7\u00e3o do SBT, Novela \u201cCuidado com o Anjo\u201d, sujeito a altera\u00e7\u00e3o de data e conte\u00fado.<\/p>\n","protected":false},"excerpt":{"rendered":"<p>Novela \u201cCuidado com o Anjo\u201d resumo 23\/03: ap\u00f3s a cirurgia complicada, Mal\u00fa recobra a consci\u00eancia e Leopardo, que est\u00e1 ao seu lado, fica feliz ao ouvi-la falar, mas ela reclama que n\u00e3o pode abrir os olhos. Jo\u00e3o Miguel leva Jo\u00e3ozinho at\u00e9 o hospital para que Mal\u00fa o veja quando despertar. Logo depois, Mal\u00fa volta a [&hellip;]<\/p>\n","protected":false},"author":2,"featured_media":82049,"comment_status":"open","ping_status":"closed","sticky":false,"template":"","format":"standard","meta":{"tdm_status":"","tdm_grid_status":"","footnotes":""},"categories":[379,372,343],"tags":[],"class_list":{"0":"post-82865","1":"post","2":"type-post","3":"status-publish","4":"format-standard","5":"has-post-thumbnail","7":"category-novelas","8":"category-sbt","9":"category-televisao"},"_links":{"self":[{"href":"https:\/\/migracao.redenoticia.com.br\/noticia\/wp-json\/wp\/v2\/posts\/82865","targetHints":{"allow":["GET"]}}],"collection":[{"href":"https:\/\/migracao.redenoticia.com.br\/noticia\/wp-json\/wp\/v2\/posts"}],"about":[{"href":"https:\/\/migracao.redenoticia.com.br\/noticia\/wp-json\/wp\/v2\/types\/post"}],"author":[{"embeddable":true,"href":"https:\/\/migracao.redenoticia.com.br\/noticia\/wp-json\/wp\/v2\/users\/2"}],"replies":[{"embeddable":true,"href":"https:\/\/migracao.redenoticia.com.br\/noticia\/wp-json\/wp\/v2\/comments?post=82865"}],"version-history":[{"count":0,"href":"https:\/\/migracao.redenoticia.com.br\/noticia\/wp-json\/wp\/v2\/posts\/82865\/revisions"}],"wp:featuredmedia":[{"embeddable":true,"href":"https:\/\/migracao.redenoticia.com.br\/noticia\/wp-json\/wp\/v2\/media\/82049"}],"wp:attachment":[{"href":"https:\/\/migracao.redenoticia.com.br\/noticia\/wp-json\/wp\/v2\/media?parent=82865"}],"wp:term":[{"taxonomy":"category","embeddable":true,"href":"https:\/\/migracao.redenoticia.com.br\/noticia\/wp-json\/wp\/v2\/categories?post=82865"},{"taxonomy":"post_tag","embeddable":true,"href":"https:\/\/migracao.redenoticia.com.br\/noticia\/wp-json\/wp\/v2\/tags?post=82865"}],"curies":[{"name":"wp","href":"https:\/\/api.w.org\/{rel}","templated":true}]}}