{"id":82869,"date":"2016-03-22T15:35:43","date_gmt":"2016-03-22T18:35:43","guid":{"rendered":"http:\/\/www.redenoticia.com.br\/noticia\/?p=82869"},"modified":"2016-03-22T15:35:43","modified_gmt":"2016-03-22T18:35:43","slug":"novela-meu-coracao-e-teu-resumo-2303-ana-se-decepciona-com-fernando","status":"publish","type":"post","link":"https:\/\/migracao.redenoticia.com.br\/noticia\/2016\/novela-meu-coracao-e-teu-resumo-2303-ana-se-decepciona-com-fernando\/82869","title":{"rendered":"Novela \u201cMeu Cora\u00e7\u00e3o \u00e9 Teu\u201d resumo 23\/03: Ana se decepciona com Fernando"},"content":{"rendered":"<p> <img loading=\"lazy\" decoding=\"async\" src=\"https:\/\/migracao.redenoticia.com.br\/noticia\/imagens\/meu_coracao_e_teu_novela_resumo_sbt-150x112.jpg\" alt=\"meu_coracao_e_teu_novela_resumo_sbt\" width=\"150\" height=\"112\" class=\"alignleft size-thumbnail wp-image-82119\" srcset=\"https:\/\/migracao.redenoticia.com.br\/noticia\/imagens\/meu_coracao_e_teu_novela_resumo_sbt-150x112.jpg 150w, https:\/\/migracao.redenoticia.com.br\/noticia\/imagens\/meu_coracao_e_teu_novela_resumo_sbt-265x198.jpg 265w\" sizes=\"auto, (max-width: 150px) 100vw, 150px\" \/><strong><em>Novela \u201cMeu Cora\u00e7\u00e3o \u00e9 Teu\u201d resumo 23\/03<\/em><\/strong>: ap\u00f3s saber da gravidez de Isabela, Fernando prop\u00f5e formalmente casamento a ela, que fica como se n\u00e3o coubesse em si de felicidade. Ao contar para Nicolas sobre sua inten\u00e7\u00e3o de se casar com Isabela, o pai se confunde e entende que Fernando se casar\u00e1 com Ana. As crian\u00e7as descobrem e ficam radiantes. Elas arrumam Ana de forma glamorosa, sem imaginar que o pedido ser\u00e1 feito \u00e0 Isabela. Quando Fernando diz que tem algo importante para lhe dizer, Ana acredita que ser\u00e1 pedida em casamento. Mas, a decep\u00e7\u00e3o \u00e9 enorme quando ele diz que vai se casar com Isabela.<\/p>\n<p>No cap\u00edtulo 018 (*), novela \u201cMeu Cora\u00e7\u00e3o \u00e9 Teu\u201d, quarta-feira, 23 de mar\u00e7o \u2013 Ana segue sentindo Fernando ausente, distante e em certo ponto at\u00e9 indiferente. Ana tenta falar com Nando, eles trocam algumas palavras mas isso s\u00f3 colabora para que ela fique ainda mais intrigada. Fernando prop\u00f5e formalmente casamento a Isabela, que fica como se n\u00e3o coubesse em s\u00ed de felicidade. Fanny descobre um mundo novo quando Leon a faz subir em um transporte p\u00fablico. Fernando conta para Nicolas de sua inten\u00e7\u00e3o de se casar com Isabela, por\u00e9m ele se confunde e entende que o filho se casar\u00e1 com Ana. <\/p>\n<p>A noticia do \u201ccasamento\u201d de Ana e Fernando corre feito p\u00f3lvora, quando as crian\u00e7as descobrem ficam extremamentes felizes. As meninas agarram Ana, pois acreditam que naquela noite Fernando a pedir\u00e1 em casamento. Elas a maqueiam, penteiam e vestem de forma glamorosa, sem imaginar que o pedido ser\u00e1 feito \u00e1 Isabela, e uma grande decep\u00e7\u00e3o as esperam. Fernando tem algo muito importante para dizer a Ana, que, inocentemente, espera que ele a pedir\u00e1 em casamento. <\/p>\n<p>Ao escutar Fernando dizer que se casar\u00e1 com Isabela, Ana sente tamanha dor que sai em disparada, n\u00e3o dando a Fernando a oportunidade de explicar lhe o motivo pelo qual ele se casar\u00e1 com a megera Isabela. Ana anda desolada pelas ruas. Fernando chega \u00e1 mans\u00e3o e d\u00e1 a seus filhos a not\u00edcia de seu casamento com Isabela. As crian\u00e7as reagem muito mal, pois tamb\u00e9m tinham esperan\u00e7a de que o pai se casaria com Ana. Nando diz a Fernando que esteve ligando para ele durante todo o dia, precisamente para dizer lhe que Ana acreditava que seria ela a pedida em casamento. As crian\u00e7as est\u00e3o chateadas porque n\u00e3o querem Isabela como madrasta.  <\/p>\n<p>(*) edi\u00e7\u00e3o do SBT, Novela \u201cMeu Cora\u00e7\u00e3o \u00e9 Teu\u201d, sujeito a altera\u00e7\u00e3o de data e conte\u00fado.<\/p>\n","protected":false},"excerpt":{"rendered":"<p>Novela \u201cMeu Cora\u00e7\u00e3o \u00e9 Teu\u201d resumo 23\/03: ap\u00f3s saber da gravidez de Isabela, Fernando prop\u00f5e formalmente casamento a ela, que fica como se n\u00e3o coubesse em si de felicidade. Ao contar para Nicolas sobre sua inten\u00e7\u00e3o de se casar com Isabela, o pai se confunde e entende que Fernando se casar\u00e1 com Ana. As crian\u00e7as [&hellip;]<\/p>\n","protected":false},"author":2,"featured_media":82119,"comment_status":"open","ping_status":"closed","sticky":false,"template":"","format":"standard","meta":{"tdm_status":"","tdm_grid_status":"","footnotes":""},"categories":[379,372,343],"tags":[],"class_list":{"0":"post-82869","1":"post","2":"type-post","3":"status-publish","4":"format-standard","5":"has-post-thumbnail","7":"category-novelas","8":"category-sbt","9":"category-televisao"},"_links":{"self":[{"href":"https:\/\/migracao.redenoticia.com.br\/noticia\/wp-json\/wp\/v2\/posts\/82869","targetHints":{"allow":["GET"]}}],"collection":[{"href":"https:\/\/migracao.redenoticia.com.br\/noticia\/wp-json\/wp\/v2\/posts"}],"about":[{"href":"https:\/\/migracao.redenoticia.com.br\/noticia\/wp-json\/wp\/v2\/types\/post"}],"author":[{"embeddable":true,"href":"https:\/\/migracao.redenoticia.com.br\/noticia\/wp-json\/wp\/v2\/users\/2"}],"replies":[{"embeddable":true,"href":"https:\/\/migracao.redenoticia.com.br\/noticia\/wp-json\/wp\/v2\/comments?post=82869"}],"version-history":[{"count":0,"href":"https:\/\/migracao.redenoticia.com.br\/noticia\/wp-json\/wp\/v2\/posts\/82869\/revisions"}],"wp:featuredmedia":[{"embeddable":true,"href":"https:\/\/migracao.redenoticia.com.br\/noticia\/wp-json\/wp\/v2\/media\/82119"}],"wp:attachment":[{"href":"https:\/\/migracao.redenoticia.com.br\/noticia\/wp-json\/wp\/v2\/media?parent=82869"}],"wp:term":[{"taxonomy":"category","embeddable":true,"href":"https:\/\/migracao.redenoticia.com.br\/noticia\/wp-json\/wp\/v2\/categories?post=82869"},{"taxonomy":"post_tag","embeddable":true,"href":"https:\/\/migracao.redenoticia.com.br\/noticia\/wp-json\/wp\/v2\/tags?post=82869"}],"curies":[{"name":"wp","href":"https:\/\/api.w.org\/{rel}","templated":true}]}}