{"id":82871,"date":"2016-03-22T15:45:16","date_gmt":"2016-03-22T18:45:16","guid":{"rendered":"http:\/\/www.redenoticia.com.br\/noticia\/?p=82871"},"modified":"2016-03-22T15:45:16","modified_gmt":"2016-03-22T18:45:16","slug":"novela-cumplices-de-um-resgate-resumo-2303-rebeca-encontra-voodu-de-isabela","status":"publish","type":"post","link":"https:\/\/migracao.redenoticia.com.br\/noticia\/2016\/novela-cumplices-de-um-resgate-resumo-2303-rebeca-encontra-voodu-de-isabela\/82871","title":{"rendered":"Novela \u201cC\u00famplices de um Resgate\u201d resumo 23\/03: Rebeca encontra voodu de Isabela"},"content":{"rendered":"<p> <img loading=\"lazy\" decoding=\"async\" src=\"https:\/\/migracao.redenoticia.com.br\/noticia\/imagens\/cumplices_de_um_resgate_sbt_novela_resumo-150x112.jpg\" alt=\"cumplices_de_um_resgate_sbt_novela_resumo\" width=\"150\" height=\"112\" class=\"alignleft size-thumbnail wp-image-71351\" srcset=\"https:\/\/migracao.redenoticia.com.br\/noticia\/imagens\/cumplices_de_um_resgate_sbt_novela_resumo-150x112.jpg 150w, https:\/\/migracao.redenoticia.com.br\/noticia\/imagens\/cumplices_de_um_resgate_sbt_novela_resumo-265x198.jpg 265w\" sizes=\"auto, (max-width: 150px) 100vw, 150px\" \/><strong><em>Novela \u201cC\u00famplices de um Resgate\u201d resumo 23\/03<\/em><\/strong>: Regina vai at\u00e9 o vilarejo e deixa um bilhete para Isabela tomar mais cuidado. Logo depois, ela entra na casa de Manuela, amea\u00e7a Isabela e joga uma boneca de voodu na casa. Quando Rebeca entra no quarto da garota, encontra a feiti\u00e7aria debaixo da cama de Manuela. Rebeca fica desesperada e chama Nina. Para acalmar Rebeca, Isabela diz que o voodu \u00e9 uma brincadeira de Omar. Enquanto isso, Regina se encontra com Marina, que finge ter perdido a mem\u00f3ria e n\u00e3o lembrar nada do passado.<\/p>\n<p>No cap\u00edtulo 168(*), novela \u201cC\u00famplice de um Resgate\u201d, quarta-feira, 23 de mar\u00e7o \u2013 O padre Augusto vai at\u00e9 a casa de Marta e pede para que ela revele a verdade para Rebeca. Nair vai falar com o pastor que os fi\u00e9is est\u00e3o indo para a igreja cat\u00f3lica pois o padre est\u00e1 chamando aten\u00e7\u00e3o pelas m\u00fasicas de louvor que come\u00e7ou a cantar nas missas. Regina entra na casa de Manuela no Vilarejo e amea\u00e7a Isabela. <\/p>\n<p>Fausto mexe na bolsa de Helena, que foi ao banheiro, para pegar o cart\u00e3o de cr\u00e9dito da mulher e tirar fotografias. Rebeca encontra uma boneca de voodu de Isabela debaixo da cama de Manuela. A boneca foi jogada na casa por Regina. Rebeca fica desesperada e chama Nina. Regina se depara com Marina no vilarejo, que finge ter perdido a mem\u00f3ria e n\u00e3o lembrar nada do passado. <\/p>\n<p>Dinho fica chateado com a not\u00edcia de que Helena est\u00e1 namorando. O pastor vai at\u00e9 a igreja cat\u00f3lica e escuta o louvor do padre. O padre diz para o pastor voltar quando quiser e o pastor retribui o convite. Rebeca questiona Manuela, que na verdade \u00e9 Isabela, sobre a boneca de voodu. Isabela diz que foi uma brincadeira de p\u00e9ssimo gosto de Omar.  <\/p>\n<p>(*) edi\u00e7\u00e3o do SBT, Novela \u201cC\u00famplices de um Resgate\u201d, sujeito a altera\u00e7\u00e3o de data e conte\u00fado.<\/p>\n","protected":false},"excerpt":{"rendered":"<p>Novela \u201cC\u00famplices de um Resgate\u201d resumo 23\/03: Regina vai at\u00e9 o vilarejo e deixa um bilhete para Isabela tomar mais cuidado. Logo depois, ela entra na casa de Manuela, amea\u00e7a Isabela e joga uma boneca de voodu na casa. Quando Rebeca entra no quarto da garota, encontra a feiti\u00e7aria debaixo da cama de Manuela. Rebeca [&hellip;]<\/p>\n","protected":false},"author":2,"featured_media":71351,"comment_status":"open","ping_status":"closed","sticky":false,"template":"","format":"standard","meta":{"tdm_status":"","tdm_grid_status":"","footnotes":""},"categories":[379,372,343],"tags":[],"class_list":{"0":"post-82871","1":"post","2":"type-post","3":"status-publish","4":"format-standard","5":"has-post-thumbnail","7":"category-novelas","8":"category-sbt","9":"category-televisao"},"_links":{"self":[{"href":"https:\/\/migracao.redenoticia.com.br\/noticia\/wp-json\/wp\/v2\/posts\/82871","targetHints":{"allow":["GET"]}}],"collection":[{"href":"https:\/\/migracao.redenoticia.com.br\/noticia\/wp-json\/wp\/v2\/posts"}],"about":[{"href":"https:\/\/migracao.redenoticia.com.br\/noticia\/wp-json\/wp\/v2\/types\/post"}],"author":[{"embeddable":true,"href":"https:\/\/migracao.redenoticia.com.br\/noticia\/wp-json\/wp\/v2\/users\/2"}],"replies":[{"embeddable":true,"href":"https:\/\/migracao.redenoticia.com.br\/noticia\/wp-json\/wp\/v2\/comments?post=82871"}],"version-history":[{"count":0,"href":"https:\/\/migracao.redenoticia.com.br\/noticia\/wp-json\/wp\/v2\/posts\/82871\/revisions"}],"wp:featuredmedia":[{"embeddable":true,"href":"https:\/\/migracao.redenoticia.com.br\/noticia\/wp-json\/wp\/v2\/media\/71351"}],"wp:attachment":[{"href":"https:\/\/migracao.redenoticia.com.br\/noticia\/wp-json\/wp\/v2\/media?parent=82871"}],"wp:term":[{"taxonomy":"category","embeddable":true,"href":"https:\/\/migracao.redenoticia.com.br\/noticia\/wp-json\/wp\/v2\/categories?post=82871"},{"taxonomy":"post_tag","embeddable":true,"href":"https:\/\/migracao.redenoticia.com.br\/noticia\/wp-json\/wp\/v2\/tags?post=82871"}],"curies":[{"name":"wp","href":"https:\/\/api.w.org\/{rel}","templated":true}]}}