{"id":82873,"date":"2016-03-22T15:56:33","date_gmt":"2016-03-22T18:56:33","guid":{"rendered":"http:\/\/www.redenoticia.com.br\/noticia\/?p=82873"},"modified":"2016-03-22T15:56:33","modified_gmt":"2016-03-22T18:56:33","slug":"novela-carrossel-resumo-2303-alunos-definem-cena-de-filme-que-vao-interpretar","status":"publish","type":"post","link":"https:\/\/migracao.redenoticia.com.br\/noticia\/2016\/novela-carrossel-resumo-2303-alunos-definem-cena-de-filme-que-vao-interpretar\/82873","title":{"rendered":"Novela \u201cCarrossel\u201d resumo 23\/03: alunos definem cena de filme que v\u00e3o interpretar"},"content":{"rendered":"<p> <img loading=\"lazy\" decoding=\"async\" src=\"https:\/\/migracao.redenoticia.com.br\/noticia\/imagens\/Carrossel_resumo_novela_sbt-150x112.jpg\" alt=\"Carrossel_resumo_novela_sbt\" width=\"150\" height=\"112\" class=\"alignleft size-thumbnail wp-image-82147\" srcset=\"https:\/\/migracao.redenoticia.com.br\/noticia\/imagens\/Carrossel_resumo_novela_sbt-150x112.jpg 150w, https:\/\/migracao.redenoticia.com.br\/noticia\/imagens\/Carrossel_resumo_novela_sbt-265x198.jpg 265w\" sizes=\"auto, (max-width: 150px) 100vw, 150px\" \/><strong><em>Novela \u201cCarrossel\u201d resumo 23\/03<\/em><\/strong>: A professora Helena prop\u00f4s aos seus alunos a cria\u00e7\u00e3o de um projeto audiovisual e as crian\u00e7as ficaram euf\u00f3ricas com a novidade. Elas formam os grupos e definem qual filme que v\u00e3o reproduzir. Daniel, Marcelina, Val\u00e9ria, Alicia e Laura decidem interpretar uma cena de Titanic. M\u00e1rio, Kokimoto, Maria Joaquina, Davi, Carmem e Jaime decidem fazer uma cena do filme Os Vingadores. Adriano, Cirilo, Margarida, Bibi, Jorge e Paulo selecionam uma uma cena do filme Harry Potter.<\/p>\n<p>?No capitulo 269(*), novela \u201cCarrossel\u201d, quarta-feira, 23 de mar\u00e7o \u2013 Daniel, Marcelina, Val\u00e9ria, Alicia e Laura concordam em reproduzir uma cena de \u201cTitanic\u201d. Laura j\u00e1 vai logo avisando que ser\u00e1 a Rose e que Daniel ser\u00e1 o Jack. Val\u00e9ria vai at\u00e9 o hospital explicar para Isaac, pai de Davi. A menina explica que ele n\u00e3o merecia uma bronca por chegar tarde, afinal, ele estava em uma miss\u00e3o importante para escrever uma carta para pedir ajuda para Deus. <\/p>\n<p>Isaac fica surpreso com a hist\u00f3ria e diz que n\u00e3o est\u00e1 mais bravo com o filho. Enquanto isso, M\u00e1rio, Kokimoto, Maria Joaquina, Davi, Carmem e Jaime se re\u00fanem para falar sobre o projeto audiovisual. Eles decidem fazer uma cena do filme \u201cOs Vingadores\u201d. <\/p>\n<p>No outro grupo, Adriano, Cirilo, Margarida, Bibi, Jorge e Paulo se re\u00fanem e decidem fazer uma cena do filme \u201cHarry Potter\u201d. Ap\u00f3s as defini\u00e7\u00f5es, as crian\u00e7as come\u00e7am as filmagens.  <\/p>\n<p>(*) edi\u00e7\u00e3o do SBT, Novela \u201cCarrossel\u201d, sujeito a altera\u00e7\u00e3o de data e conte\u00fado.<\/p>\n","protected":false},"excerpt":{"rendered":"<p>Novela \u201cCarrossel\u201d resumo 23\/03: A professora Helena prop\u00f4s aos seus alunos a cria\u00e7\u00e3o de um projeto audiovisual e as crian\u00e7as ficaram euf\u00f3ricas com a novidade. Elas formam os grupos e definem qual filme que v\u00e3o reproduzir. Daniel, Marcelina, Val\u00e9ria, Alicia e Laura decidem interpretar uma cena de Titanic. M\u00e1rio, Kokimoto, Maria Joaquina, Davi, Carmem e [&hellip;]<\/p>\n","protected":false},"author":2,"featured_media":82147,"comment_status":"open","ping_status":"closed","sticky":false,"template":"","format":"standard","meta":{"tdm_status":"","tdm_grid_status":"","footnotes":""},"categories":[379,372,343],"tags":[],"class_list":{"0":"post-82873","1":"post","2":"type-post","3":"status-publish","4":"format-standard","5":"has-post-thumbnail","7":"category-novelas","8":"category-sbt","9":"category-televisao"},"_links":{"self":[{"href":"https:\/\/migracao.redenoticia.com.br\/noticia\/wp-json\/wp\/v2\/posts\/82873","targetHints":{"allow":["GET"]}}],"collection":[{"href":"https:\/\/migracao.redenoticia.com.br\/noticia\/wp-json\/wp\/v2\/posts"}],"about":[{"href":"https:\/\/migracao.redenoticia.com.br\/noticia\/wp-json\/wp\/v2\/types\/post"}],"author":[{"embeddable":true,"href":"https:\/\/migracao.redenoticia.com.br\/noticia\/wp-json\/wp\/v2\/users\/2"}],"replies":[{"embeddable":true,"href":"https:\/\/migracao.redenoticia.com.br\/noticia\/wp-json\/wp\/v2\/comments?post=82873"}],"version-history":[{"count":0,"href":"https:\/\/migracao.redenoticia.com.br\/noticia\/wp-json\/wp\/v2\/posts\/82873\/revisions"}],"wp:featuredmedia":[{"embeddable":true,"href":"https:\/\/migracao.redenoticia.com.br\/noticia\/wp-json\/wp\/v2\/media\/82147"}],"wp:attachment":[{"href":"https:\/\/migracao.redenoticia.com.br\/noticia\/wp-json\/wp\/v2\/media?parent=82873"}],"wp:term":[{"taxonomy":"category","embeddable":true,"href":"https:\/\/migracao.redenoticia.com.br\/noticia\/wp-json\/wp\/v2\/categories?post=82873"},{"taxonomy":"post_tag","embeddable":true,"href":"https:\/\/migracao.redenoticia.com.br\/noticia\/wp-json\/wp\/v2\/tags?post=82873"}],"curies":[{"name":"wp","href":"https:\/\/api.w.org\/{rel}","templated":true}]}}