{"id":82880,"date":"2016-03-22T16:49:16","date_gmt":"2016-03-22T19:49:16","guid":{"rendered":"http:\/\/www.redenoticia.com.br\/noticia\/?p=82880"},"modified":"2016-03-22T16:49:16","modified_gmt":"2016-03-22T19:49:16","slug":"novela-chamas-da-vida-resumo-2303-margareth-e-mae-de-demoro","status":"publish","type":"post","link":"https:\/\/migracao.redenoticia.com.br\/noticia\/2016\/novela-chamas-da-vida-resumo-2303-margareth-e-mae-de-demoro\/82880","title":{"rendered":"Novela \u201cChamas da Vida\u201d resumo 23\/03: Margareth \u00e9 m\u00e3e de Demor\u00f4"},"content":{"rendered":"<p> <img loading=\"lazy\" decoding=\"async\" src=\"https:\/\/migracao.redenoticia.com.br\/noticia\/imagens\/chamas_da_vida_resumo_novela-150x112.jpeg\" alt=\"chamas_da_vida_resumo_novela\" width=\"150\" height=\"112\" class=\"alignleft size-thumbnail wp-image-82020\" \/><strong><em>Novela \u201cChamas da Vida\u201d resumo 23\/03<\/em><\/strong>: Margareth visita Demor\u00f4 e faz um gesto de carinho no garoto. Andressa, Miguel, Roseclair, Docinho n\u00e3o se apercebem do gesto e da emo\u00e7\u00e3o de Margareth. Andressa comenta que o nome de Demor\u00f4 realmente \u00e9 Maicon. Margareth fala que pensava que o filho estava morto, e Docinho diz a Andressa que Margareth ficou perturbada. <\/p>\n<p>  No capitulo 103 (*), novela \u201cChamas da Vida\u201d, quarta-feira, 23 de mar\u00e7o \u2013 Guilherme avisa Caz\u00e9 que Michele n\u00e3o est\u00e1 infectada. Caz\u00e9 diz para ele abrir o jogo com ela. Guilherme diz que ela nunca vai saber a verdade e que vai fazer com que Michele se decepcione de uma vez por todas com ele. Guilherme diz que ningu\u00e9m pode ser feliz ao lado dele. Caz\u00e9 diz que ele est\u00e1 sendo preconceituoso em vez de se tratar. Guilherme pede a Caz\u00e9 para o ajudar a armar uma situa\u00e7\u00e3o para ser apanhado com outra mulher. Caz\u00e9 concorda. Ant\u00f4nio diz ao delegado que ele est\u00e1 a privilegiar Lipe na cadeia. <\/p>\n<p>O delegado manda os pol\u00edcias retirarem Ant\u00f4nio. Ant\u00f4nio diz que vai acabar com Lipe. Vivi diz a Pedro que est\u00e1 com medo. Pedro diz que vai proteg\u00ea-la. Margareth faz um gesto de carinho a Demor\u00f4. Andressa, Miguel, Roseclair, Docinho n\u00e3o se apercebem. Andressa diz que o nome de Demor\u00f4 realmente \u00e9 Maicon. Margareth diz que pensava que o filho estava morto. Docinho diz a Andressa que Margareth ficou perturbada. Roseclair diz a Margareth que foi visitar o t\u00famulo do filho dela. <\/p>\n<p>Pedro diz a Ant\u00f4nio que n\u00e3o vai fugir da delegacia. Ant\u00f4nio diz que est\u00e1 tudo planeado e que o v\u00e3o tirar ede l\u00e1. Tuquinha, Lourdes e Ivonete preparam uma feijoada. Ivonete sai e diz que vai convidar Pedro para a festa do seu anivers\u00e1rio. Pedro conta ao guarda que Ant\u00f4nio tem um plano de fuga. O guarda diz que vai refor\u00e7ar a seguran\u00e7a da delegacia. Vilma diz a Tom\u00e1s que vai colocar Beatriz numa clinica clandestina. Ivonete convida Pedro para ir \u00e0 sua festa. Ele diz que n\u00e3o vai porque est\u00e1 com a cabe\u00e7a cheia de problemas. Ela manipula Pedro. Michele percebe o jogo de Ivonete. Margareth diz a Brito e a Roseclair que Demor\u00f4 \u00e9 filho dela.<\/p>\n<p>(*) edi\u00e7\u00e3o da Rede Record, Novela \u201cChamas da Vida\u201d, sujeito a altera\u00e7\u00e3o de data e conte\u00fado.<\/p>\n","protected":false},"excerpt":{"rendered":"<p>Novela \u201cChamas da Vida\u201d resumo 23\/03: Margareth visita Demor\u00f4 e faz um gesto de carinho no garoto. Andressa, Miguel, Roseclair, Docinho n\u00e3o se apercebem do gesto e da emo\u00e7\u00e3o de Margareth. Andressa comenta que o nome de Demor\u00f4 realmente \u00e9 Maicon. Margareth fala que pensava que o filho estava morto, e Docinho diz a Andressa [&hellip;]<\/p>\n","protected":false},"author":2,"featured_media":82020,"comment_status":"open","ping_status":"closed","sticky":false,"template":"","format":"standard","meta":{"tdm_status":"","tdm_grid_status":"","footnotes":""},"categories":[379,371,343],"tags":[],"class_list":{"0":"post-82880","1":"post","2":"type-post","3":"status-publish","4":"format-standard","5":"has-post-thumbnail","7":"category-novelas","8":"category-rede-record","9":"category-televisao"},"_links":{"self":[{"href":"https:\/\/migracao.redenoticia.com.br\/noticia\/wp-json\/wp\/v2\/posts\/82880","targetHints":{"allow":["GET"]}}],"collection":[{"href":"https:\/\/migracao.redenoticia.com.br\/noticia\/wp-json\/wp\/v2\/posts"}],"about":[{"href":"https:\/\/migracao.redenoticia.com.br\/noticia\/wp-json\/wp\/v2\/types\/post"}],"author":[{"embeddable":true,"href":"https:\/\/migracao.redenoticia.com.br\/noticia\/wp-json\/wp\/v2\/users\/2"}],"replies":[{"embeddable":true,"href":"https:\/\/migracao.redenoticia.com.br\/noticia\/wp-json\/wp\/v2\/comments?post=82880"}],"version-history":[{"count":0,"href":"https:\/\/migracao.redenoticia.com.br\/noticia\/wp-json\/wp\/v2\/posts\/82880\/revisions"}],"wp:featuredmedia":[{"embeddable":true,"href":"https:\/\/migracao.redenoticia.com.br\/noticia\/wp-json\/wp\/v2\/media\/82020"}],"wp:attachment":[{"href":"https:\/\/migracao.redenoticia.com.br\/noticia\/wp-json\/wp\/v2\/media?parent=82880"}],"wp:term":[{"taxonomy":"category","embeddable":true,"href":"https:\/\/migracao.redenoticia.com.br\/noticia\/wp-json\/wp\/v2\/categories?post=82880"},{"taxonomy":"post_tag","embeddable":true,"href":"https:\/\/migracao.redenoticia.com.br\/noticia\/wp-json\/wp\/v2\/tags?post=82880"}],"curies":[{"name":"wp","href":"https:\/\/api.w.org\/{rel}","templated":true}]}}