{"id":82886,"date":"2016-03-22T17:09:59","date_gmt":"2016-03-22T20:09:59","guid":{"rendered":"http:\/\/www.redenoticia.com.br\/noticia\/?p=82886"},"modified":"2016-03-22T17:09:59","modified_gmt":"2016-03-22T20:09:59","slug":"novela-eta-mundo-bom-resumo-2303-maria-ve-troca-de-olhares-entre-golpistas","status":"publish","type":"post","link":"https:\/\/migracao.redenoticia.com.br\/noticia\/2016\/novela-eta-mundo-bom-resumo-2303-maria-ve-troca-de-olhares-entre-golpistas\/82886","title":{"rendered":"Novela \u201cEta Mundo Bom\u201d resumo 23\/03: Maria v\u00ea troca de olhares entre golpistas"},"content":{"rendered":"<p> <img loading=\"lazy\" decoding=\"async\" class=\"alignleft size-thumbnail wp-image-82131\" src=\"https:\/\/migracao.redenoticia.com.br\/noticia\/imagens\/eta_mundo_bom_globo_novela_resumo-150x112.jpg\" alt=\"eta_mundo_bom_globo_novela_resumo\" width=\"150\" height=\"112\" srcset=\"https:\/\/migracao.redenoticia.com.br\/noticia\/imagens\/eta_mundo_bom_globo_novela_resumo-150x112.jpg 150w, https:\/\/migracao.redenoticia.com.br\/noticia\/imagens\/eta_mundo_bom_globo_novela_resumo-265x198.jpg 265w\" sizes=\"auto, (max-width: 150px) 100vw, 150px\" \/><strong><em>Novela \u201cEta Mundo Bom\u201d resumo 23\/03<\/em><\/strong>: o plano de Sandra d\u00e1 certo. Ela consegue convencer a tia Anast\u00e1cia a contratar Ernesto, que se apresenta com o nome de Candinho, para pintar seu retrato. Anast\u00e1cia imagina que o falso Candinho possa ser seu filho. Maria desconfia da presen\u00e7a de Ernesto e divide com Quit\u00e9ria sua desconfian\u00e7a. Anast\u00e1cia v\u00ea seu medalh\u00e3o no pesco\u00e7o do pintor e acredita que Ernesto \u00e9 seu filho. Mais uma vez, Maria fica desconfiada porque ela v\u00ea a troca de olhares entre Sandra e Ernesto.<\/p>\n<p>No capitulo 057(*), novela \u201cEta Mundo Bom\u201d,  quarta-feira, 23 de mar\u00e7o \u2013 Maria divide com Quit\u00e9ria sua desconfian\u00e7a com Ernesto. Z\u00e9 dos Porcos declara a Josias seu amor por Mafalda. Eponina e Mafalda escondem o anel de Cunegundes. <\/p>\n<p>Romeu afirma a Pancr\u00e1cio e Olga que jamais voltar\u00e1 \u00e0 fazenda. Paulina se surpreende com a visita de Sarita, que lhe pede um emprego no dancing. Candinho descobre que Pirulito chantageava Os\u00f3rio e repreende o menino. Cam\u00e9lia exige que Os\u00f3rio e Gerusa fiquem noivos. <\/p>\n<p>Sarita dan\u00e7a com Romeu e o beija. Romeu e Mafalda pensam um no outro. Dita revela que est\u00e1 gr\u00e1vida de Quincas e Manuela enfrenta Cunegundes. Anast\u00e1cia v\u00ea seu medalh\u00e3o e acredita que Ernesto \u00e9 seu filho.<\/p>\n<p>(*) edi\u00e7\u00e3o da Rede Globo, Novela \u201cEta Mundo Bom\u201d, sujeito a altera\u00e7\u00e3o de data e conte\u00fado.<\/p>\n","protected":false},"excerpt":{"rendered":"<p>Novela \u201cEta Mundo Bom\u201d resumo 23\/03: o plano de Sandra d\u00e1 certo. Ela consegue convencer a tia Anast\u00e1cia a contratar Ernesto, que se apresenta com o nome de Candinho, para pintar seu retrato. Anast\u00e1cia imagina que o falso Candinho possa ser seu filho. Maria desconfia da presen\u00e7a de Ernesto e divide com Quit\u00e9ria sua desconfian\u00e7a. [&hellip;]<\/p>\n","protected":false},"author":2,"featured_media":82131,"comment_status":"open","ping_status":"closed","sticky":false,"template":"","format":"standard","meta":{"tdm_status":"","tdm_grid_status":"","footnotes":""},"categories":[379,375,343],"tags":[],"class_list":{"0":"post-82886","1":"post","2":"type-post","3":"status-publish","4":"format-standard","5":"has-post-thumbnail","7":"category-novelas","8":"category-rede-globo","9":"category-televisao"},"_links":{"self":[{"href":"https:\/\/migracao.redenoticia.com.br\/noticia\/wp-json\/wp\/v2\/posts\/82886","targetHints":{"allow":["GET"]}}],"collection":[{"href":"https:\/\/migracao.redenoticia.com.br\/noticia\/wp-json\/wp\/v2\/posts"}],"about":[{"href":"https:\/\/migracao.redenoticia.com.br\/noticia\/wp-json\/wp\/v2\/types\/post"}],"author":[{"embeddable":true,"href":"https:\/\/migracao.redenoticia.com.br\/noticia\/wp-json\/wp\/v2\/users\/2"}],"replies":[{"embeddable":true,"href":"https:\/\/migracao.redenoticia.com.br\/noticia\/wp-json\/wp\/v2\/comments?post=82886"}],"version-history":[{"count":0,"href":"https:\/\/migracao.redenoticia.com.br\/noticia\/wp-json\/wp\/v2\/posts\/82886\/revisions"}],"wp:featuredmedia":[{"embeddable":true,"href":"https:\/\/migracao.redenoticia.com.br\/noticia\/wp-json\/wp\/v2\/media\/82131"}],"wp:attachment":[{"href":"https:\/\/migracao.redenoticia.com.br\/noticia\/wp-json\/wp\/v2\/media?parent=82886"}],"wp:term":[{"taxonomy":"category","embeddable":true,"href":"https:\/\/migracao.redenoticia.com.br\/noticia\/wp-json\/wp\/v2\/categories?post=82886"},{"taxonomy":"post_tag","embeddable":true,"href":"https:\/\/migracao.redenoticia.com.br\/noticia\/wp-json\/wp\/v2\/tags?post=82886"}],"curies":[{"name":"wp","href":"https:\/\/api.w.org\/{rel}","templated":true}]}}