{"id":82906,"date":"2016-03-23T10:11:19","date_gmt":"2016-03-23T13:11:19","guid":{"rendered":"http:\/\/www.redenoticia.com.br\/noticia\/?p=82906"},"modified":"2016-03-22T18:12:05","modified_gmt":"2016-03-22T21:12:05","slug":"dilma-reitera-que-nao-vai-renunciar-e-denuncia-golpe","status":"publish","type":"post","link":"https:\/\/migracao.redenoticia.com.br\/noticia\/2016\/dilma-reitera-que-nao-vai-renunciar-e-denuncia-golpe\/82906","title":{"rendered":"Dilma reitera que n\u00e3o vai renunciar e denuncia golpe"},"content":{"rendered":"<p> A presidenta Dilma Rousseff fez um discurso incisivo contra o que chamou de golpe em curso no Brasil. Ela repetiu que n\u00e3o vai renunciar e afirmou que n\u00e3o cometeu nenhum crime previsto na Constitui\u00e7\u00e3o e nas leis. Ao citar o processo de <strong><em>impeachment<\/em><\/strong> em tramita\u00e7\u00e3o na C\u00e2mara dos Deputados, Dilma disse que n\u00e3o h\u00e1 &#8220;crime de responsabilidade&#8221; e que, na aus\u00eancia de provas, o afastamento de um presidente da Rep\u00fablica se torna, &#8220;ele pr\u00f3prio, um crime contra a democracia&#8221;.<\/p>\n<p>Citando a ditadura militar como um processo do qual foi &#8220;v\u00edtima&#8221;, a presidenta declarou que vai lutar &#8220;para, em plena democracia, n\u00e3o ser v\u00edtima de novo&#8221;.<\/p>\n<p>Democracia<\/p>\n<p>&#8220;N\u00e3o cabem meias palavras nesse caso. O que est\u00e1 em curso \u00e9 um golpe contra democracia. Eu jamais renunciarei. Aqueles que pedem minha ren\u00fancia mostram fragilidade na sua convic\u00e7\u00e3o sobre o processo de impeachment, porque, sobretudo, tentam ocultar justamente esse golpe contra a democracia, e eu n\u00e3o compactuarei com isso. Por isso, n\u00e3o renuncio em hip\u00f3tese alguma&#8221;, afirmou.<\/p>\n<p>Ap\u00f3s ouvir manifesta\u00e7\u00f5es de juristas contr\u00e1rios ao seu impeachment, a presidenta disse que jamais imaginaria voltar ao momento do passado em que Leonel Brizola liderou movimentos pela legalidade no pa\u00eds. Ela afirmou estar se dirigindo a eles com a &#8220;seguran\u00e7a de ter atuado desde o in\u00edcio&#8221; do seu mandato para combater de forma &#8220;en\u00e9rgica e continuada a corrup\u00e7\u00e3o que sempre afligiu o Brasil&#8221;.<\/p>\n<p>Paulo Victor Chagas e Yara Aquino \u2013 Rep\u00f3rteres da Ag\u00eancia Brasil<br \/>\nEdi\u00e7\u00e3o: Kleber Sampaio<br \/>\n23\/03\/2016<\/p>\n","protected":false},"excerpt":{"rendered":"<p>A presidenta Dilma Rousseff fez um discurso incisivo contra o que chamou de golpe em curso no Brasil. Ela repetiu que n\u00e3o vai renunciar e afirmou que n\u00e3o cometeu nenhum crime previsto na Constitui\u00e7\u00e3o e nas leis. Ao citar o processo de impeachment em tramita\u00e7\u00e3o na C\u00e2mara dos Deputados, Dilma disse que n\u00e3o h\u00e1 &#8220;crime [&hellip;]<\/p>\n","protected":false},"author":2,"featured_media":34796,"comment_status":"open","ping_status":"closed","sticky":false,"template":"","format":"standard","meta":{"tdm_status":"","tdm_grid_status":"","footnotes":""},"categories":[22],"tags":[],"class_list":{"0":"post-82906","1":"post","2":"type-post","3":"status-publish","4":"format-standard","5":"has-post-thumbnail","7":"category-brasil"},"_links":{"self":[{"href":"https:\/\/migracao.redenoticia.com.br\/noticia\/wp-json\/wp\/v2\/posts\/82906","targetHints":{"allow":["GET"]}}],"collection":[{"href":"https:\/\/migracao.redenoticia.com.br\/noticia\/wp-json\/wp\/v2\/posts"}],"about":[{"href":"https:\/\/migracao.redenoticia.com.br\/noticia\/wp-json\/wp\/v2\/types\/post"}],"author":[{"embeddable":true,"href":"https:\/\/migracao.redenoticia.com.br\/noticia\/wp-json\/wp\/v2\/users\/2"}],"replies":[{"embeddable":true,"href":"https:\/\/migracao.redenoticia.com.br\/noticia\/wp-json\/wp\/v2\/comments?post=82906"}],"version-history":[{"count":0,"href":"https:\/\/migracao.redenoticia.com.br\/noticia\/wp-json\/wp\/v2\/posts\/82906\/revisions"}],"wp:featuredmedia":[{"embeddable":true,"href":"https:\/\/migracao.redenoticia.com.br\/noticia\/wp-json\/wp\/v2\/media\/34796"}],"wp:attachment":[{"href":"https:\/\/migracao.redenoticia.com.br\/noticia\/wp-json\/wp\/v2\/media?parent=82906"}],"wp:term":[{"taxonomy":"category","embeddable":true,"href":"https:\/\/migracao.redenoticia.com.br\/noticia\/wp-json\/wp\/v2\/categories?post=82906"},{"taxonomy":"post_tag","embeddable":true,"href":"https:\/\/migracao.redenoticia.com.br\/noticia\/wp-json\/wp\/v2\/tags?post=82906"}],"curies":[{"name":"wp","href":"https:\/\/api.w.org\/{rel}","templated":true}]}}