{"id":82908,"date":"2016-03-23T10:12:10","date_gmt":"2016-03-23T13:12:10","guid":{"rendered":"http:\/\/www.redenoticia.com.br\/noticia\/?p=82908"},"modified":"2016-03-22T18:13:18","modified_gmt":"2016-03-22T21:13:18","slug":"cunha-acusa-base-governista-de-protelar-debate-sobre-impeachment","status":"publish","type":"post","link":"https:\/\/migracao.redenoticia.com.br\/noticia\/2016\/cunha-acusa-base-governista-de-protelar-debate-sobre-impeachment\/82908","title":{"rendered":"Cunha acusa base governista de protelar debate sobre impeachment"},"content":{"rendered":"<p> O presidente da C\u00e2mara, Eduardo Cunha (PMDB-RJ), disse que a base governista est\u00e1 adotando \u201cmanobras protelat\u00f3rias\u201d para diminuir o ritmo de trabalho da comiss\u00e3o especial que analisa o pedido de <strong><em>impeachment<\/em><\/strong> da presidenta Dilma Rousseff.<\/p>\n<p>A declara\u00e7\u00e3o foi uma resposta a deputados petistas que integram o colegiado e defenderam que Dilma seja novamente notificada sobre o processo, j\u00e1 que foram retiradas as informa\u00e7\u00f5es da dela\u00e7\u00e3o premiada do ex-l\u00edder do governo no Senado, Delc\u00eddio do Amaral (sem partido-MS).<\/p>\n<p> Para Eduardo Cunha, a presidenta foi notificada duas vezesMarcelo Camargo\/Ag\u00eancia Brasil<br \/>\n\u201cEla j\u00e1 foi notificada com esses documentos. Se tirar, s\u00f3 significa menos documentos. Ela foi notificada pela segunda vez, porque a notifica\u00e7\u00e3o ocorreu em dezembro [quando foi feita a leitura da cria\u00e7\u00e3o da comissao especial]. Essa notifica\u00e7\u00e3o j\u00e1 valia\u201d, afirmou.<\/p>\n<p>Eduardo Cunha foi quem anexou as declara\u00e7\u00f5es de Delcidio ao pedido original. Segundo o presidente da comiss\u00e3o especial, Rog\u00e9rio Rosso (PSD-DF), o aditamento foi feito a pedido dos autores do impeachment, Miguel Reale J\u00fanior, H\u00e9lio Bicudo e Jana\u00edna Paschoal.<\/p>\n<p>A base governista classificou a inclus\u00e3o como ilegal, por ser feita ap\u00f3s a abertura do procedimento de impeachment e por se tratar de tema diferente do pedido inicial, e, por isso, amea\u00e7ou recorrer \u00e0 Justi\u00e7a.<\/p>\n<p> \u201cMeu entendimento \u00e9 que foi uma juntada de documento. Ela j\u00e1 tem notifica\u00e7\u00e3o sobre tudo. Se retiraram parte da notifica\u00e7\u00e3o, ela j\u00e1 tem tudo. N\u00e3o h\u00e1 menor necessidade disso. S\u00e3o manobras protelat\u00f3rias. Isto \u00e9 manobra do PT\u201d, acrescentou Eduardo Cunha.<\/p>\n<p>O presidente da C\u00e2mara disse que, se n\u00e3o houver recurso da decis\u00e3o anunciada hoje na comiss\u00e3o especial, n\u00e3o vai interferir, mas admitiu que analisar\u00e1 qualquer pedido de revis\u00e3o dessa decis\u00e3o. Durante a reuni\u00e3o do colegiado, o deputado Arnaldo Faria de S\u00e1 (PTB-SP) anunciou que recorrer\u00e1 da decis\u00e3o \u00e0 presid\u00eancia da Casa.<\/p>\n<p>Cunha tamb\u00e9m afastou rumores de que tenha definido o dia 1\u00ba de maio como data para colocar em vota\u00e7\u00e3o o parecer da comiss\u00e3o especial em plen\u00e1rio. Ele denominou os boatos de \u201cconversas de especula\u00e7\u00e3o\u201d. \u201cN\u00e3o \u00e9 uma decis\u00e3o que vai ser tomada assim. N\u00e3o tenho uma decis\u00e3o acerca disso. O processo s\u00f3 ter\u00e1 decis\u00e3o quando ele retornar para mim.\u201d<\/p>\n<p>Conselho de \u00c9tica<\/p>\n<p>Eduardo Cunha argumentou que, quando o governo recorre, \u00e9 \u201cdireito. Quando eu recorro, fa\u00e7o manobra. Acho muito engra\u00e7ado isso, mas faz parte\u201d, disse o presidente ao comparar os trabalhos da comiss\u00e3o do impeachment com o processo que pede a cassa\u00e7\u00e3o de seu mandato no Conselho de \u00c9tica.<\/p>\n<p>Os advogados do presidente da C\u00e2mara entregaram os argumentos negando qualquer ato de quebra de decoro. Ele \u00e9 acusado de ter mentido, em mar\u00e7o do ano passado, \u00e0 Comiss\u00e3o Parlamentar de Inqu\u00e9rito (CPI) da Petrobras quando disse que n\u00e3o tinha contas no exterior.<\/p>\n<p>Marcelo Nobre, que lidera a defesa de Cunha, ainda sinalizou com a indica\u00e7\u00e3o de testemunhas \u2013 tem direito a indicar oito pessoas para falar a favor do representado \u2013, incluindo autoridades su\u00ed\u00e7as. O presidente do Conselho, Jos\u00e9 Carlos Ara\u00fajo (PR-BA), alertou que a C\u00e2mara ter\u00e1 de pagar o deslocamento dessas pessoas at\u00e9 Bras\u00edlia.<\/p>\n<p>\u201cEu n\u00e3o pedi isso\u201d, informou Cunha no primeiro momento. Depois, ele admitiu que o advogado pode ter pedido. Reiterou que confia em Nobre, mas garantiu que \u201co que puder fazer para facilitar eu facilito. Eu nem vi meu advogado esta semana. N\u00e3o vi nem a pe\u00e7a que ele apresentou\u201d, concluiu.<\/p>\n<p>Carolina Gon\u00e7alves &#8211; Rep\u00f3rter da Ag\u00eancia Brasil<br \/>\nEdi\u00e7\u00e3o: Armando Cardoso<br \/>\n23\/03\/2016<\/p>\n","protected":false},"excerpt":{"rendered":"<p>O presidente da C\u00e2mara, Eduardo Cunha (PMDB-RJ), disse que a base governista est\u00e1 adotando \u201cmanobras protelat\u00f3rias\u201d para diminuir o ritmo de trabalho da comiss\u00e3o especial que analisa o pedido de impeachment da presidenta Dilma Rousseff. A declara\u00e7\u00e3o foi uma resposta a deputados petistas que integram o colegiado e defenderam que Dilma seja novamente notificada sobre [&hellip;]<\/p>\n","protected":false},"author":2,"featured_media":38938,"comment_status":"open","ping_status":"closed","sticky":false,"template":"","format":"standard","meta":{"tdm_status":"","tdm_grid_status":"","footnotes":""},"categories":[22],"tags":[],"class_list":{"0":"post-82908","1":"post","2":"type-post","3":"status-publish","4":"format-standard","5":"has-post-thumbnail","7":"category-brasil"},"_links":{"self":[{"href":"https:\/\/migracao.redenoticia.com.br\/noticia\/wp-json\/wp\/v2\/posts\/82908","targetHints":{"allow":["GET"]}}],"collection":[{"href":"https:\/\/migracao.redenoticia.com.br\/noticia\/wp-json\/wp\/v2\/posts"}],"about":[{"href":"https:\/\/migracao.redenoticia.com.br\/noticia\/wp-json\/wp\/v2\/types\/post"}],"author":[{"embeddable":true,"href":"https:\/\/migracao.redenoticia.com.br\/noticia\/wp-json\/wp\/v2\/users\/2"}],"replies":[{"embeddable":true,"href":"https:\/\/migracao.redenoticia.com.br\/noticia\/wp-json\/wp\/v2\/comments?post=82908"}],"version-history":[{"count":0,"href":"https:\/\/migracao.redenoticia.com.br\/noticia\/wp-json\/wp\/v2\/posts\/82908\/revisions"}],"wp:featuredmedia":[{"embeddable":true,"href":"https:\/\/migracao.redenoticia.com.br\/noticia\/wp-json\/wp\/v2\/media\/38938"}],"wp:attachment":[{"href":"https:\/\/migracao.redenoticia.com.br\/noticia\/wp-json\/wp\/v2\/media?parent=82908"}],"wp:term":[{"taxonomy":"category","embeddable":true,"href":"https:\/\/migracao.redenoticia.com.br\/noticia\/wp-json\/wp\/v2\/categories?post=82908"},{"taxonomy":"post_tag","embeddable":true,"href":"https:\/\/migracao.redenoticia.com.br\/noticia\/wp-json\/wp\/v2\/tags?post=82908"}],"curies":[{"name":"wp","href":"https:\/\/api.w.org\/{rel}","templated":true}]}}