{"id":8291,"date":"2009-08-11T23:24:18","date_gmt":"2009-08-12T03:24:18","guid":{"rendered":"http:\/\/www.redenoticia.com.br\/noticia\/?p=8291"},"modified":"2009-08-12T23:43:21","modified_gmt":"2009-08-13T03:43:21","slug":"rede-record-mostrou-prova-%e2%80%9cpendulo%e2%80%9d-na-fazenda","status":"publish","type":"post","link":"https:\/\/migracao.redenoticia.com.br\/noticia\/2009\/rede-record-mostrou-prova-%e2%80%9cpendulo%e2%80%9d-na-fazenda\/8291","title":{"rendered":"Rede Record mostrou prova \u201cPendulo\u201d na Fazenda"},"content":{"rendered":"<p>A Rede Record produziu nesta ter\u00e7a (11\/08) na Fazenda a prova &#8220;Pendulo&#8221;, que consistia em levantar o pe\u00e3o at\u00e9 6 metros de altura e solt\u00e1-lo. No vai e vem o pe\u00e3o teve que pegar pilhas e acertar um min\u00fasculo vaso de acr\u00edlico. As pilhas do patrocinador da Fazenda valeram 8 pontos e as pilhas comum valeram 1 ponto.<\/p>\n<p>Mesmo com a garantia do apresentador Britto Jr., da Rede Record, de que a prova havia sido testada e que n\u00e3o tinha perigo, Danni Carlos tremia de medo na Fazenda. No dia anterior houve o sorteio da ordem de participa\u00e7\u00e3o na prova e, por isso, a Danni foi a primeira, Dado o segundo, Carlinhos o terceiro e Pedro o quarto a fazer a prova. Dado e Carlinhos quebraram o vaso e Pedro entortou o recipiente.<\/p>\n<p>A Rede Record contabilizou os pontos ao vivo, direto da Fazenda de Itu, e o resultado foi Danni Carlos com 73 pontos, Dado com 197 pontos, Carlinhos venceu com 248 pontos e Pedro fez 157 pontos. Carlinhos ficou livre da Ro\u00e7a e a vota\u00e7\u00e3o para quem vai sair neste domingo da Fazenda foi anunciada pela Rede Record no final do programa.<\/p>\n<p>Fonte Rede Record \u2013 A Fazenda<\/p>\n","protected":false},"excerpt":{"rendered":"<p>A Rede Record produziu nesta ter\u00e7a (11\/08) na Fazenda a prova &#8220;Pendulo&#8221;, que consistia em levantar o pe\u00e3o at\u00e9 6 metros de altura e solt\u00e1-lo. No vai e vem o pe\u00e3o teve que pegar pilhas e acertar um min\u00fasculo vaso de acr\u00edlico. As pilhas do patrocinador da Fazenda valeram 8 pontos e as pilhas comum [&hellip;]<\/p>\n","protected":false},"author":3,"featured_media":0,"comment_status":"open","ping_status":"open","sticky":false,"template":"","format":"standard","meta":{"tdm_status":"","tdm_grid_status":"","footnotes":""},"categories":[22,343],"tags":[],"class_list":{"0":"post-8291","1":"post","2":"type-post","3":"status-publish","4":"format-standard","6":"category-brasil","7":"category-televisao"},"_links":{"self":[{"href":"https:\/\/migracao.redenoticia.com.br\/noticia\/wp-json\/wp\/v2\/posts\/8291","targetHints":{"allow":["GET"]}}],"collection":[{"href":"https:\/\/migracao.redenoticia.com.br\/noticia\/wp-json\/wp\/v2\/posts"}],"about":[{"href":"https:\/\/migracao.redenoticia.com.br\/noticia\/wp-json\/wp\/v2\/types\/post"}],"author":[{"embeddable":true,"href":"https:\/\/migracao.redenoticia.com.br\/noticia\/wp-json\/wp\/v2\/users\/3"}],"replies":[{"embeddable":true,"href":"https:\/\/migracao.redenoticia.com.br\/noticia\/wp-json\/wp\/v2\/comments?post=8291"}],"version-history":[{"count":0,"href":"https:\/\/migracao.redenoticia.com.br\/noticia\/wp-json\/wp\/v2\/posts\/8291\/revisions"}],"wp:attachment":[{"href":"https:\/\/migracao.redenoticia.com.br\/noticia\/wp-json\/wp\/v2\/media?parent=8291"}],"wp:term":[{"taxonomy":"category","embeddable":true,"href":"https:\/\/migracao.redenoticia.com.br\/noticia\/wp-json\/wp\/v2\/categories?post=8291"},{"taxonomy":"post_tag","embeddable":true,"href":"https:\/\/migracao.redenoticia.com.br\/noticia\/wp-json\/wp\/v2\/tags?post=8291"}],"curies":[{"name":"wp","href":"https:\/\/api.w.org\/{rel}","templated":true}]}}