{"id":82910,"date":"2016-03-23T10:13:22","date_gmt":"2016-03-23T13:13:22","guid":{"rendered":"http:\/\/www.redenoticia.com.br\/noticia\/?p=82910"},"modified":"2016-03-22T18:14:12","modified_gmt":"2016-03-22T21:14:12","slug":"consumidores-do-interior-de-sao-paulo-tem-aumento-na-conta-de-luz","status":"publish","type":"post","link":"https:\/\/migracao.redenoticia.com.br\/noticia\/2016\/consumidores-do-interior-de-sao-paulo-tem-aumento-na-conta-de-luz\/82910","title":{"rendered":"Consumidores do interior de S\u00e3o Paulo t\u00eam aumento na conta de luz"},"content":{"rendered":"<p> A Ag\u00eancia Nacional de <strong><em>Energia El\u00e9trica<\/em><\/strong> (Aneel) aprovou as revis\u00f5es tarif\u00e1rias de cinco empresas do grupo CPFL. As novas tarifas j\u00e1 entraram em vigor e valem para consumidores de munic\u00edpios do interior de S\u00e3o Paulo.<\/p>\n<p>Para a Companhia Jaguari de Energia, que atende a 38 mil unidades em Jaguari\u00fana e Pedreira, o aumento \u00e9 17,12% para as resid\u00eancias e 11,42% para as ind\u00fastrias.<\/p>\n<p>A Luz e For\u00e7a Mococa cobrar\u00e1 4,72% a mais dos consumidores residenciais e 20,29% das ind\u00fastrias. A distribuidora leva energia a 45 mil usu\u00e1rios de Mococa e de tr\u00eas munic\u00edpios de Minas Gerais.<\/p>\n<p>Os 56 mil consumidores atendidos pela Leste Paulista pagar\u00e3o aumento de 14,53% na tarifa residencial e de 10,27% na tarifa industrial. As cidades atendidas s\u00e3o: S\u00e3o Jos\u00e9 do Rio Pardo, S\u00e3o Sebasti\u00e3o da Grama, Divinol\u00e2ndia; Casa Branca, Itobi, Tapiratiba e Caconde.<\/p>\n<p>O reajuste aprovado para a Luz e For\u00e7a Santa Cruz \u00e9 13,36% para as resid\u00eancias. Para as ind\u00fastrias, a Aneel reduziu as tarifas em 4,13%. A empresa chega a 204 mil consumidores em 24 cidades do interior de S\u00e3o Paulo e tr\u00eas do Paran\u00e1.<\/p>\n<p>A Sul Paulista de Energia aumentar\u00e1 a conta em 17,03% dos consumidores residenciais e 6,33% dos ind\u00fastriais. A companhia atende a 82 mil unidades consumidoras nos munic\u00edpios de Itapetininga, S\u00e3o Miguel Arcanjo, Guare\u00ed, Sarapu\u00ed e Alambari.<\/p>\n<p>A revis\u00e3o tarif\u00e1ria das distribuidoras ocorre a cada quatro anos e, segundo a Aneel, serve para reposicionar as tarifas cobradas dos consumidores ap\u00f3s analisar os custos e os investimentos para a presta\u00e7\u00e3o dos servi\u00e7os de distribui\u00e7\u00e3o de energia el\u00e9trica.<\/p>\n<p>Na revis\u00e3o s\u00e3o estabelecidos tamb\u00e9m os limites dos indicadores de interrup\u00e7\u00e3o de fornecimento de energia para o per\u00edodo de 2017 a 2020.<\/p>\n<p>Sabrina Craide &#8211; Rep\u00f3rter da Ag\u00eancia Brasil<br \/>\nEdi\u00e7\u00e3o: Beto Coura<br \/>\n23\/03\/2016<\/p>\n","protected":false},"excerpt":{"rendered":"<p>A Ag\u00eancia Nacional de Energia El\u00e9trica (Aneel) aprovou as revis\u00f5es tarif\u00e1rias de cinco empresas do grupo CPFL. As novas tarifas j\u00e1 entraram em vigor e valem para consumidores de munic\u00edpios do interior de S\u00e3o Paulo. Para a Companhia Jaguari de Energia, que atende a 38 mil unidades em Jaguari\u00fana e Pedreira, o aumento \u00e9 17,12% [&hellip;]<\/p>\n","protected":false},"author":2,"featured_media":57584,"comment_status":"open","ping_status":"closed","sticky":false,"template":"","format":"standard","meta":{"tdm_status":"","tdm_grid_status":"","footnotes":""},"categories":[22,7],"tags":[],"class_list":{"0":"post-82910","1":"post","2":"type-post","3":"status-publish","4":"format-standard","5":"has-post-thumbnail","7":"category-brasil","8":"category-economia"},"_links":{"self":[{"href":"https:\/\/migracao.redenoticia.com.br\/noticia\/wp-json\/wp\/v2\/posts\/82910","targetHints":{"allow":["GET"]}}],"collection":[{"href":"https:\/\/migracao.redenoticia.com.br\/noticia\/wp-json\/wp\/v2\/posts"}],"about":[{"href":"https:\/\/migracao.redenoticia.com.br\/noticia\/wp-json\/wp\/v2\/types\/post"}],"author":[{"embeddable":true,"href":"https:\/\/migracao.redenoticia.com.br\/noticia\/wp-json\/wp\/v2\/users\/2"}],"replies":[{"embeddable":true,"href":"https:\/\/migracao.redenoticia.com.br\/noticia\/wp-json\/wp\/v2\/comments?post=82910"}],"version-history":[{"count":0,"href":"https:\/\/migracao.redenoticia.com.br\/noticia\/wp-json\/wp\/v2\/posts\/82910\/revisions"}],"wp:featuredmedia":[{"embeddable":true,"href":"https:\/\/migracao.redenoticia.com.br\/noticia\/wp-json\/wp\/v2\/media\/57584"}],"wp:attachment":[{"href":"https:\/\/migracao.redenoticia.com.br\/noticia\/wp-json\/wp\/v2\/media?parent=82910"}],"wp:term":[{"taxonomy":"category","embeddable":true,"href":"https:\/\/migracao.redenoticia.com.br\/noticia\/wp-json\/wp\/v2\/categories?post=82910"},{"taxonomy":"post_tag","embeddable":true,"href":"https:\/\/migracao.redenoticia.com.br\/noticia\/wp-json\/wp\/v2\/tags?post=82910"}],"curies":[{"name":"wp","href":"https:\/\/api.w.org\/{rel}","templated":true}]}}