{"id":82940,"date":"2016-03-23T16:59:17","date_gmt":"2016-03-23T19:59:17","guid":{"rendered":"http:\/\/www.redenoticia.com.br\/noticia\/?p=82940"},"modified":"2016-03-23T16:59:17","modified_gmt":"2016-03-23T19:59:17","slug":"novela-cuidado-com-o-anjo-resumo-2403-policia-investiga-estefania","status":"publish","type":"post","link":"https:\/\/migracao.redenoticia.com.br\/noticia\/2016\/novela-cuidado-com-o-anjo-resumo-2403-policia-investiga-estefania\/82940","title":{"rendered":"Novela \u201cCuidado com o Anjo\u201d resumo 24\/03: pol\u00edcia investiga Estef\u00e2nia"},"content":{"rendered":"<p> <img loading=\"lazy\" decoding=\"async\" class=\"alignleft size-thumbnail wp-image-82049\" src=\"https:\/\/migracao.redenoticia.com.br\/noticia\/imagens\/cuidado-com-o-anjo-novela-resumo-capitulo-sbt-episodio-150x112.jpg\" alt=\"cuidado com o anjo novela resumo capitulo sbt episodio\" width=\"150\" height=\"112\" srcset=\"https:\/\/migracao.redenoticia.com.br\/noticia\/imagens\/cuidado-com-o-anjo-novela-resumo-capitulo-sbt-episodio-150x112.jpg 150w, https:\/\/migracao.redenoticia.com.br\/noticia\/imagens\/cuidado-com-o-anjo-novela-resumo-capitulo-sbt-episodio-265x198.jpg 265w\" sizes=\"auto, (max-width: 150px) 100vw, 150px\" \/><strong><em>Novela \u201cCuidado com o Anjo\u201d resumo 24\/03<\/em><\/strong>: finalmente Estef\u00e2nia come\u00e7a a colher o que plantou. A investiga\u00e7\u00e3o sobre o atentado a Mal\u00fa chega ao seu nome. Amador revela para a pol\u00edcia que a mulher que esteve no teatro se chama Estef\u00e2nia Velarde. A pol\u00edcia procura o juiz para informar que sua filha Estef\u00e2nia \u00e9 a principal suspeita. Na delegacia, Patr\u00edcio admite que Estef\u00e2nia \u00e9 capaz de matar Mal\u00fa, pois a odeia, e informa \u00e0 pol\u00edcia que ela est\u00e1 em Acapulco. Patr\u00edcio se v\u00ea obrigado a contar a Cec\u00edlia que Estef\u00e2nia \u00e9 a principal suspeita do que aconteceu com Mal\u00fa. Estef\u00e2nia e Isabela recebem uma intima\u00e7\u00e3o e, na delegacia, Estef\u00e2nia orienta Isabela sobre o que deve dizer em seu depoimento.<\/p>\n<p>No capitulo 084 (*), novela \u201cCuidado com o Anjo\u201d, quinta-feira, 24 de mar\u00e7o \u2013 Cec\u00edlia d\u00e1 a Patr\u00edcio a terr\u00edvel not\u00edcia. Interesseira, Estef\u00e2nia pretende conquistar Rodolfo, pois acredita que ele tem muito dinheiro e, depois voltar\u00e1 para a capital fingindo n\u00e3o saber de nada que aconteceu durante sua aus\u00eancia. Amador revela para a pol\u00edcia que a mulher que esteve no teatro se chama Estef\u00e2nia Velarde. Imediatamente, eles procuram o juiz para informar que sua filha Estef\u00e2nia \u00e9 a principal suspeita. Mal\u00fa pergunta \u00e0 m\u00e3e se vai ficar cega para sempre. Gustavo, por telefone, confirma para Of\u00e9lia que Viviana tentou matar sua esposa. Depois, ela v\u00ea as provas do crime que sua filha cometeu na Jamaica. Jo\u00e3o Miguel est\u00e1 o tempo todo ao lado de Mal\u00fa, mas sempre que ela acorda encontra Leopardo ao seu lado. Na delegacia, Patr\u00edcio admite que Estef\u00e2nia seja capaz de matar Mal\u00fa, pois a odeia e informa \u00e0 pol\u00edcia que ela est\u00e1 em Acapulco.<\/p>\n<p>Amador visita Mal\u00fa e conta que a pol\u00edcia est\u00e1 investigando e acredita que algu\u00e9m tentou mat\u00e1-la. Leopardo e Jo\u00e3o Miguel se unem para cuidar de Mal\u00fa. Patr\u00edcio se v\u00ea obrigado a contar a Cec\u00edlia que Estef\u00e2nia \u00e9 a principal suspeita do que aconteceu com Mal\u00fa. Estef\u00e2nia e Isabela recebem uma intima\u00e7\u00e3o informando que ter\u00e1 que prestar depoimento. Jo\u00e3o Miguel passa a noite no hospital com Mal\u00fa. Ela acorda e chama por Leopardo. Estef\u00e2nia comunica a Isabela que ter\u00e3o que comparecer \u00e0 delegacia para prestarem depoimento. Patr\u00edcio se atormenta ao pensar na maldade da garota e est\u00e1 convencido de que ela ter\u00e1 que pagar pelo que fez. Jo\u00e3o Miguel chega \u00e0 conclus\u00e3o que Mal\u00fa ama Leopardo e se pergunta se deveria renunciar a ela.<\/p>\n<p>Comovida, Cec\u00edlia comenta com Candel\u00e1ria que Patr\u00edcio est\u00e1 muito amoroso com o neto e diz que ela \u00e9 uma segunda m\u00e3e para sua filha. Na delegacia, Estef\u00e2nia orienta Isabela sobre o que deve dizer em seu depoimento. A mo\u00e7a se surpreende ao ver que Patr\u00edcio ir\u00e1 testemunhar o depoimento. Mal\u00fa sofre ao pensar que Jo\u00e3o Miguel j\u00e1 n\u00e3o a ama. Durante o interrogat\u00f3rio, Estef\u00e2nia finge estar surpresa ao saber o que aconteceu com Mal\u00fa. O oftalmologista examina Mal\u00fa e diz a Jo\u00e3o Miguel que pode ser uma cegueira tempor\u00e1ria por causa da inflama\u00e7\u00e3o. Patr\u00edcio e o delegado tentam, em v\u00e3o, fazer Estef\u00e2nia confessar a tentativa de assassinato. Branca come\u00e7a fazer as malas para deixar a casa de Jo\u00e3o Miguel. Amador fica muito abalado ao saber da cegueira de Mal\u00fa. Come\u00e7a o depoimento de Isabela. Cec\u00edlia conta a Jo\u00e3o Miguel que Estef\u00e2nia \u00e9 a principal suspeita no caso de Mal\u00fa.<\/p>\n<p>(*) edi\u00e7\u00e3o do SBT, Novela \u201cCuidado com o Anjo\u201d, sujeito a altera\u00e7\u00e3o de data e conte\u00fado.<\/p>\n","protected":false},"excerpt":{"rendered":"<p>Novela \u201cCuidado com o Anjo\u201d resumo 24\/03: finalmente Estef\u00e2nia come\u00e7a a colher o que plantou. A investiga\u00e7\u00e3o sobre o atentado a Mal\u00fa chega ao seu nome. Amador revela para a pol\u00edcia que a mulher que esteve no teatro se chama Estef\u00e2nia Velarde. A pol\u00edcia procura o juiz para informar que sua filha Estef\u00e2nia \u00e9 a [&hellip;]<\/p>\n","protected":false},"author":2,"featured_media":82049,"comment_status":"open","ping_status":"closed","sticky":false,"template":"","format":"standard","meta":{"tdm_status":"","tdm_grid_status":"","footnotes":""},"categories":[379,372,343],"tags":[],"class_list":{"0":"post-82940","1":"post","2":"type-post","3":"status-publish","4":"format-standard","5":"has-post-thumbnail","7":"category-novelas","8":"category-sbt","9":"category-televisao"},"_links":{"self":[{"href":"https:\/\/migracao.redenoticia.com.br\/noticia\/wp-json\/wp\/v2\/posts\/82940","targetHints":{"allow":["GET"]}}],"collection":[{"href":"https:\/\/migracao.redenoticia.com.br\/noticia\/wp-json\/wp\/v2\/posts"}],"about":[{"href":"https:\/\/migracao.redenoticia.com.br\/noticia\/wp-json\/wp\/v2\/types\/post"}],"author":[{"embeddable":true,"href":"https:\/\/migracao.redenoticia.com.br\/noticia\/wp-json\/wp\/v2\/users\/2"}],"replies":[{"embeddable":true,"href":"https:\/\/migracao.redenoticia.com.br\/noticia\/wp-json\/wp\/v2\/comments?post=82940"}],"version-history":[{"count":0,"href":"https:\/\/migracao.redenoticia.com.br\/noticia\/wp-json\/wp\/v2\/posts\/82940\/revisions"}],"wp:featuredmedia":[{"embeddable":true,"href":"https:\/\/migracao.redenoticia.com.br\/noticia\/wp-json\/wp\/v2\/media\/82049"}],"wp:attachment":[{"href":"https:\/\/migracao.redenoticia.com.br\/noticia\/wp-json\/wp\/v2\/media?parent=82940"}],"wp:term":[{"taxonomy":"category","embeddable":true,"href":"https:\/\/migracao.redenoticia.com.br\/noticia\/wp-json\/wp\/v2\/categories?post=82940"},{"taxonomy":"post_tag","embeddable":true,"href":"https:\/\/migracao.redenoticia.com.br\/noticia\/wp-json\/wp\/v2\/tags?post=82940"}],"curies":[{"name":"wp","href":"https:\/\/api.w.org\/{rel}","templated":true}]}}