{"id":82944,"date":"2016-03-23T17:02:37","date_gmt":"2016-03-23T20:02:37","guid":{"rendered":"http:\/\/www.redenoticia.com.br\/noticia\/?p=82944"},"modified":"2016-03-23T17:02:37","modified_gmt":"2016-03-23T20:02:37","slug":"novela-meu-coracao-e-teu-resumo-2403-ana-diz-para-fernando-que-nao-o-ama","status":"publish","type":"post","link":"https:\/\/migracao.redenoticia.com.br\/noticia\/2016\/novela-meu-coracao-e-teu-resumo-2403-ana-diz-para-fernando-que-nao-o-ama\/82944","title":{"rendered":"Novela \u201cMeu Cora\u00e7\u00e3o \u00e9 Teu\u201d resumo 24\/03: Ana diz para Fernando que n\u00e3o o ama"},"content":{"rendered":"<p> <img loading=\"lazy\" decoding=\"async\" class=\"alignleft size-thumbnail wp-image-82119\" src=\"https:\/\/migracao.redenoticia.com.br\/noticia\/imagens\/meu_coracao_e_teu_novela_resumo_sbt-150x112.jpg\" alt=\"meu_coracao_e_teu_novela_resumo_sbt\" width=\"150\" height=\"112\" srcset=\"https:\/\/migracao.redenoticia.com.br\/noticia\/imagens\/meu_coracao_e_teu_novela_resumo_sbt-150x112.jpg 150w, https:\/\/migracao.redenoticia.com.br\/noticia\/imagens\/meu_coracao_e_teu_novela_resumo_sbt-265x198.jpg 265w\" sizes=\"auto, (max-width: 150px) 100vw, 150px\" \/><strong><em>Novela \u201cMeu Cora\u00e7\u00e3o \u00e9 Teu\u201d resumo 24\/03<\/em><\/strong>: ao contar para Ana que vai se casar com Isabela, Fernando a deixa completamente desolada. Ela sai em disparada, n\u00e3o dando a Fernando a oportunidade de lhe explicar o motivo pelo qual ele se casar\u00e1 com a megera. Nando diz a Fernando que esteve ligando para lhe contar que Ana acreditava que seria ela a pedida em casamento. As crian\u00e7as est\u00e3o chateadas porque n\u00e3o querem Isabela como madrasta. Mais tarde, Isabela diz a Ana sobre o filho que espera, e isso faz com que Ana entenda a posi\u00e7\u00e3o e atitude de Fernando. Ana confirma a Fernando que ela n\u00e3o o ama e deseja que ele seja muito feliz com Isabela. Fanny fica muito chateada com a situa\u00e7\u00e3o e apoia Ana, ela inclusive diz a seu pai que Isabela apenas engravidou para prend\u00ea-lo.<\/p>\n<p>No cap\u00edtulo 019 (*), novela \u201cMeu Cora\u00e7\u00e3o \u00e9 Teu\u201d, quinta-feira, 24 de mar\u00e7o \u2013 Amanhece e Fernando fica desesperado ao descobrir que os g\u00eameos e Luz sa\u00edram de casa. Fernando chama Ana para pedir lhe que o ajude a procurar as crian\u00e7as. Todos procuram desesperadamente pelas crian\u00e7as at\u00e9 que Ana se une ao grupo de busca e encontra as crian\u00e7as no jardim, dormindo. Ana e Fernando alertam as crian\u00e7as para que n\u00e3o voltem mais a fazer isso. Isabela diz a Ana sobre o filho que espera, e isso faz com que Ana entenda a posi\u00e7\u00e3o e atitude de Fernando. Jennifer recebe os resultados de seus exames m\u00e9dicos e fica muito mal quando o doutor a informa que ela possui um linfoma, por\u00e9m que isso n\u00e3o significa que seja um c\u00e2ncer. Ele recomenda que ela fa\u00e7a uma biopsia. Ana confirma a Fernando que ela n\u00e3o o ama e deseja que ele seja muito feliz com Isabela.<\/p>\n<p>Fanny fica muito chateada com a situa\u00e7\u00e3o e ap\u00f3ia Ana, ela inclusive diz a seu pai que Isabela apenas engravidou para prend\u00ea-lo. Fernando explica a Nicolas que vai se casar com Isabela para dar uma fam\u00edlia ao seu filho, porque isso \u00e9 o correto. Nicolas discorda de Fernando, dizendo que essa n\u00e3o \u00e9 a solu\u00e7\u00e3o. Jennifer comenta com Ana que tem um problema, e pode ser um c\u00e2ncer. Ana comenta com Fernando que n\u00e3o deixar\u00e1 seus filhos, ainda que ele se case com Isabela. Jennifer anda se esquivando de Nicolas, pois n\u00e3o deseja falar de seu problema de sa\u00fade. Fernando diz a seus filhos sobre o novo irm\u00e3ozinho que est\u00e1 a caminho, por\u00e9m as crian\u00e7as est\u00e3o irredut\u00edveis, e n\u00e3o aprovam a id\u00e9ia de Fernando se casar com Isabela.<\/p>\n<p>O show de Jennifer est\u00e1 pronto para estrear, mas Dorival insiste em dizer que o show ser\u00e1 um fracasso rotundo. Nicolas localiza seu filho Diego e pede que ele volte para o Brasil, para o casamento de Fernando, e o diz que ele ser\u00e1 tio novamente. Diego se sente inseguro quanto a possibilidade de voltar a morar no Brasil. Ana promete a Luz e Alicia que n\u00e3o vai deix\u00e1-las nunca. Yolanda diz a Isabela que ela precisa tratar bem sua inimiga, e assim tamb\u00e9m tentar ganhar a simpatia dos sete filhos de Fernando, de Ana, de Bruno e at\u00e9 a de Manuela. Helena pede a Nando que a perdoe. Ele responde que continua muito triste com ela. Isabela vai a casa de Fernando para se desculpar com Ana, ela desconfia das inten\u00e7\u00f5es de Isabela.<\/p>\n<p>(*) edi\u00e7\u00e3o do SBT, Novela \u201cMeu Cora\u00e7\u00e3o \u00e9 Teu\u201d, sujeito a altera\u00e7\u00e3o de data e conte\u00fado.<\/p>\n","protected":false},"excerpt":{"rendered":"<p>Novela \u201cMeu Cora\u00e7\u00e3o \u00e9 Teu\u201d resumo 24\/03: ao contar para Ana que vai se casar com Isabela, Fernando a deixa completamente desolada. Ela sai em disparada, n\u00e3o dando a Fernando a oportunidade de lhe explicar o motivo pelo qual ele se casar\u00e1 com a megera. Nando diz a Fernando que esteve ligando para lhe contar [&hellip;]<\/p>\n","protected":false},"author":2,"featured_media":82119,"comment_status":"open","ping_status":"closed","sticky":false,"template":"","format":"standard","meta":{"tdm_status":"","tdm_grid_status":"","footnotes":""},"categories":[379,372,343],"tags":[],"class_list":{"0":"post-82944","1":"post","2":"type-post","3":"status-publish","4":"format-standard","5":"has-post-thumbnail","7":"category-novelas","8":"category-sbt","9":"category-televisao"},"_links":{"self":[{"href":"https:\/\/migracao.redenoticia.com.br\/noticia\/wp-json\/wp\/v2\/posts\/82944","targetHints":{"allow":["GET"]}}],"collection":[{"href":"https:\/\/migracao.redenoticia.com.br\/noticia\/wp-json\/wp\/v2\/posts"}],"about":[{"href":"https:\/\/migracao.redenoticia.com.br\/noticia\/wp-json\/wp\/v2\/types\/post"}],"author":[{"embeddable":true,"href":"https:\/\/migracao.redenoticia.com.br\/noticia\/wp-json\/wp\/v2\/users\/2"}],"replies":[{"embeddable":true,"href":"https:\/\/migracao.redenoticia.com.br\/noticia\/wp-json\/wp\/v2\/comments?post=82944"}],"version-history":[{"count":0,"href":"https:\/\/migracao.redenoticia.com.br\/noticia\/wp-json\/wp\/v2\/posts\/82944\/revisions"}],"wp:featuredmedia":[{"embeddable":true,"href":"https:\/\/migracao.redenoticia.com.br\/noticia\/wp-json\/wp\/v2\/media\/82119"}],"wp:attachment":[{"href":"https:\/\/migracao.redenoticia.com.br\/noticia\/wp-json\/wp\/v2\/media?parent=82944"}],"wp:term":[{"taxonomy":"category","embeddable":true,"href":"https:\/\/migracao.redenoticia.com.br\/noticia\/wp-json\/wp\/v2\/categories?post=82944"},{"taxonomy":"post_tag","embeddable":true,"href":"https:\/\/migracao.redenoticia.com.br\/noticia\/wp-json\/wp\/v2\/tags?post=82944"}],"curies":[{"name":"wp","href":"https:\/\/api.w.org\/{rel}","templated":true}]}}