{"id":82948,"date":"2016-03-23T17:05:33","date_gmt":"2016-03-23T20:05:33","guid":{"rendered":"http:\/\/www.redenoticia.com.br\/noticia\/?p=82948"},"modified":"2016-03-23T17:05:33","modified_gmt":"2016-03-23T20:05:33","slug":"novela-carrossel-resumo-2403-olivia-decide-ver-filme-dos-alunos","status":"publish","type":"post","link":"https:\/\/migracao.redenoticia.com.br\/noticia\/2016\/novela-carrossel-resumo-2403-olivia-decide-ver-filme-dos-alunos\/82948","title":{"rendered":"Novela \u201cCarrossel\u201d resumo 24\/03: Ol\u00edvia decide ver filme dos alunos"},"content":{"rendered":"<p> <img loading=\"lazy\" decoding=\"async\" class=\"alignleft size-thumbnail wp-image-82147\" src=\"https:\/\/migracao.redenoticia.com.br\/noticia\/imagens\/Carrossel_resumo_novela_sbt-150x112.jpg\" alt=\"Carrossel_resumo_novela_sbt\" width=\"150\" height=\"112\" srcset=\"https:\/\/migracao.redenoticia.com.br\/noticia\/imagens\/Carrossel_resumo_novela_sbt-150x112.jpg 150w, https:\/\/migracao.redenoticia.com.br\/noticia\/imagens\/Carrossel_resumo_novela_sbt-265x198.jpg 265w\" sizes=\"auto, (max-width: 150px) 100vw, 150px\" \/><strong><em>Novela \u201cCarrossel\u201d resumo 24\/03<\/em><\/strong>: todos os grupos entregaram os audiovisuais que a professora Helena havia solicitado. Helena elogia o empenho de todos e anuncia o in\u00edcio da mostra dos filmes. A diretora Ol\u00edvia tamb\u00e9m foi assistir a apresenta\u00e7\u00e3o, l\u00f3gico, ela n\u00e3o podia ficar de fora. Infelizmente, o projetor para de funcionar quando os filmes estavam prestes a come\u00e7ar. Firmino descobre que est\u00e1 faltando um cabo. Ol\u00edvia fica irritada e chama Ren\u00ea, Helena e Firmino para irem at\u00e9 sua sala. Como sempre, ela acha que \u00e9 inadmiss\u00edvel e que algum aluno pegou o cabo. Enquanto isso, Gra\u00e7a e Laura est\u00e3o preparando as pipocas. Na distra\u00e7\u00e3o de Gra\u00e7a, Laura coloca uma quantidade enorme de pipoca e as duas acabam no meio de uma grande bagun\u00e7a.<\/p>\n<p>No capitulo 270 (*), novela \u201cCarrossel\u201d, quinta-feira, 24 de mar\u00e7o \u2013 A diretora tamb\u00e9m vai at\u00e9 a sala de aula para assistir as cenas. O projetor para de funcionar quando os filmes estavam prestes a come\u00e7ar. Firmino tenta arrumar o projetor e descobre que est\u00e1 faltando um cabo.<\/p>\n<p>Ol\u00edvia fica irritada e chama Ren\u00ea, Helena e Firmino para irem at\u00e9 sua sala. A diretora diz que um cabo desaparecer \u00e9 inadmiss\u00edvel. Ol\u00edvia diz que deve ter sido algum dos alunos que pegou o cabo. As crian\u00e7as perguntam se foi Paulo quem pegou. Irritado ele grita que n\u00e3o.<\/p>\n<p>Gra\u00e7a est\u00e1 preparando mais pipoca e Laura vai ajud\u00e1-la. Gra\u00e7a se distrai e Laura coloca uma quantidade enorme de milho pra fazer pipoca. As duas acabam no meio de uma grande bagun\u00e7a com quantidade de pipoca no local.<\/p>\n<p>(*) edi\u00e7\u00e3o do SBT, Novela \u201cCarrossel\u201d, sujeito a altera\u00e7\u00e3o de data e conte\u00fado.<\/p>\n","protected":false},"excerpt":{"rendered":"<p>Novela \u201cCarrossel\u201d resumo 24\/03: todos os grupos entregaram os audiovisuais que a professora Helena havia solicitado. Helena elogia o empenho de todos e anuncia o in\u00edcio da mostra dos filmes. A diretora Ol\u00edvia tamb\u00e9m foi assistir a apresenta\u00e7\u00e3o, l\u00f3gico, ela n\u00e3o podia ficar de fora. Infelizmente, o projetor para de funcionar quando os filmes estavam [&hellip;]<\/p>\n","protected":false},"author":2,"featured_media":82147,"comment_status":"open","ping_status":"closed","sticky":false,"template":"","format":"standard","meta":{"tdm_status":"","tdm_grid_status":"","footnotes":""},"categories":[379,372,343],"tags":[],"class_list":{"0":"post-82948","1":"post","2":"type-post","3":"status-publish","4":"format-standard","5":"has-post-thumbnail","7":"category-novelas","8":"category-sbt","9":"category-televisao"},"_links":{"self":[{"href":"https:\/\/migracao.redenoticia.com.br\/noticia\/wp-json\/wp\/v2\/posts\/82948","targetHints":{"allow":["GET"]}}],"collection":[{"href":"https:\/\/migracao.redenoticia.com.br\/noticia\/wp-json\/wp\/v2\/posts"}],"about":[{"href":"https:\/\/migracao.redenoticia.com.br\/noticia\/wp-json\/wp\/v2\/types\/post"}],"author":[{"embeddable":true,"href":"https:\/\/migracao.redenoticia.com.br\/noticia\/wp-json\/wp\/v2\/users\/2"}],"replies":[{"embeddable":true,"href":"https:\/\/migracao.redenoticia.com.br\/noticia\/wp-json\/wp\/v2\/comments?post=82948"}],"version-history":[{"count":0,"href":"https:\/\/migracao.redenoticia.com.br\/noticia\/wp-json\/wp\/v2\/posts\/82948\/revisions"}],"wp:featuredmedia":[{"embeddable":true,"href":"https:\/\/migracao.redenoticia.com.br\/noticia\/wp-json\/wp\/v2\/media\/82147"}],"wp:attachment":[{"href":"https:\/\/migracao.redenoticia.com.br\/noticia\/wp-json\/wp\/v2\/media?parent=82948"}],"wp:term":[{"taxonomy":"category","embeddable":true,"href":"https:\/\/migracao.redenoticia.com.br\/noticia\/wp-json\/wp\/v2\/categories?post=82948"},{"taxonomy":"post_tag","embeddable":true,"href":"https:\/\/migracao.redenoticia.com.br\/noticia\/wp-json\/wp\/v2\/tags?post=82948"}],"curies":[{"name":"wp","href":"https:\/\/api.w.org\/{rel}","templated":true}]}}