{"id":82974,"date":"2016-03-24T10:05:47","date_gmt":"2016-03-24T13:05:47","guid":{"rendered":"http:\/\/www.redenoticia.com.br\/noticia\/?p=82974"},"modified":"2016-03-23T18:10:20","modified_gmt":"2016-03-23T21:10:20","slug":"unesp-lanca-mestrado-profissional-em-recursos-hidricos","status":"publish","type":"post","link":"https:\/\/migracao.redenoticia.com.br\/noticia\/2016\/unesp-lanca-mestrado-profissional-em-recursos-hidricos\/82974","title":{"rendered":"Unesp lan\u00e7a Mestrado Profissional em Recursos H\u00eddricos"},"content":{"rendered":"<p>Ag\u00eancia FAPESP \u2013 A Universidade Estadual Paulista (Unesp) lan\u00e7ou edital do <strong><em>Mestrado Profissional em Gest\u00e3o e Regula\u00e7\u00e3o de Recursos H\u00eddricos<\/em><\/strong>. Coordenada pela Faculdade de Engenharia da Unesp em Ilha Solteira, a iniciativa conta com recursos da Ag\u00eancia Nacional de \u00c1guas (ANA). As inscri\u00e7\u00f5es v\u00e3o de 25 de abril a 22 de maio.<\/p>\n<p>O curso ter\u00e1 cem vagas distribu\u00eddas nas seguintes institui\u00e7\u00f5es associadas: Universidade Federal do Rio Grande do Sul (UFRGS), Universidade Federal do Esp\u00edrito Santos (UFES), Universidade Estadual do Amazonas (UEA), Universidade Federal de Pernambuco (UFPE), Universidade Estadual do Rio de Janeiro (UERJ), al\u00e9m da pr\u00f3pria FEIS, na Unesp em Ilha Solteira.<\/p>\n<p>O mestrado \u00e9 voltado \u00e0 produ\u00e7\u00e3o de ci\u00eancia com um foco acentuado na aplica\u00e7\u00e3o do conhecimento e na resolu\u00e7\u00e3o de problemas. Os candidatos devem ser preferencialmente funcion\u00e1rios de secretarias, \u00f3rg\u00e3os ou empresas de gest\u00e3o de recursos h\u00eddricos, saneamento, abastecimento, hidroeletricidade, organiza\u00e7\u00f5es do terceiro setor com atua\u00e7\u00e3o na \u00e1rea ambiental ou atividades relacionadas.<\/p>\n<p>A escolha de candidatos prev\u00ea uma prova nacional unificada e, posteriormente, uma sele\u00e7\u00e3o em etapas, realizada de forma independente em cada polo. A aplica\u00e7\u00e3o do exame ser\u00e1 viabilizada pelo N\u00facleo de Educa\u00e7\u00e3o a Dist\u00e2ncia da Unesp (NEaD).<\/p>\n<p>Mais informa\u00e7\u00f5es est\u00e3o dispon\u00edveis nas p\u00e1ginas  \u00a0e  do edital, publicado no Di\u00e1rio Oficial do Estado de S\u00e3o Paulo em 22 de mar\u00e7o de 2016.<\/p>\n<p>Outras informa\u00e7\u00f5es podem ser obtidas pelo e-mail profagua@adm.feis.unesp.br ou pelos telefones (18) 3743-1978\/3743-1000 (ramal 1317).<\/p>\n","protected":false},"excerpt":{"rendered":"<p>Ag\u00eancia FAPESP \u2013 A Universidade Estadual Paulista (Unesp) lan\u00e7ou edital do Mestrado Profissional em Gest\u00e3o e Regula\u00e7\u00e3o de Recursos H\u00eddricos. Coordenada pela Faculdade de Engenharia da Unesp em Ilha Solteira, a iniciativa conta com recursos da Ag\u00eancia Nacional de \u00c1guas (ANA). As inscri\u00e7\u00f5es v\u00e3o de 25 de abril a 22 de maio. O curso ter\u00e1 [&hellip;]<\/p>\n","protected":false},"author":2,"featured_media":34905,"comment_status":"open","ping_status":"closed","sticky":false,"template":"","format":"standard","meta":{"tdm_status":"","tdm_grid_status":"","footnotes":""},"categories":[22,370,353],"tags":[],"class_list":{"0":"post-82974","1":"post","2":"type-post","3":"status-publish","4":"format-standard","5":"has-post-thumbnail","7":"category-brasil","8":"category-inscricao","9":"category-oportunidades"},"_links":{"self":[{"href":"https:\/\/migracao.redenoticia.com.br\/noticia\/wp-json\/wp\/v2\/posts\/82974","targetHints":{"allow":["GET"]}}],"collection":[{"href":"https:\/\/migracao.redenoticia.com.br\/noticia\/wp-json\/wp\/v2\/posts"}],"about":[{"href":"https:\/\/migracao.redenoticia.com.br\/noticia\/wp-json\/wp\/v2\/types\/post"}],"author":[{"embeddable":true,"href":"https:\/\/migracao.redenoticia.com.br\/noticia\/wp-json\/wp\/v2\/users\/2"}],"replies":[{"embeddable":true,"href":"https:\/\/migracao.redenoticia.com.br\/noticia\/wp-json\/wp\/v2\/comments?post=82974"}],"version-history":[{"count":0,"href":"https:\/\/migracao.redenoticia.com.br\/noticia\/wp-json\/wp\/v2\/posts\/82974\/revisions"}],"wp:featuredmedia":[{"embeddable":true,"href":"https:\/\/migracao.redenoticia.com.br\/noticia\/wp-json\/wp\/v2\/media\/34905"}],"wp:attachment":[{"href":"https:\/\/migracao.redenoticia.com.br\/noticia\/wp-json\/wp\/v2\/media?parent=82974"}],"wp:term":[{"taxonomy":"category","embeddable":true,"href":"https:\/\/migracao.redenoticia.com.br\/noticia\/wp-json\/wp\/v2\/categories?post=82974"},{"taxonomy":"post_tag","embeddable":true,"href":"https:\/\/migracao.redenoticia.com.br\/noticia\/wp-json\/wp\/v2\/tags?post=82974"}],"curies":[{"name":"wp","href":"https:\/\/api.w.org\/{rel}","templated":true}]}}