{"id":82979,"date":"2016-03-24T10:25:40","date_gmt":"2016-03-24T13:25:40","guid":{"rendered":"http:\/\/www.redenoticia.com.br\/noticia\/?p=82979"},"modified":"2016-03-23T18:35:04","modified_gmt":"2016-03-23T21:35:04","slug":"fapesp-week-2016-estimula-cooperacao-entre-cientistas","status":"publish","type":"post","link":"https:\/\/migracao.redenoticia.com.br\/noticia\/2016\/fapesp-week-2016-estimula-cooperacao-entre-cientistas\/82979","title":{"rendered":"FAPESP Week 2016 estimula coopera\u00e7\u00e3o entre cientistas"},"content":{"rendered":"<p> Ag\u00eancia FAPESP \u2013 Pesquisadores do Brasil e dos Estados Unidos participam entre 28 de mar\u00e7o e 1\u00ba de abril de dois <strong><em>simp\u00f3sios organizados pela FAPESP<\/em><\/strong> na University of Michigan (UM) e na Ohio State University (OSU). As confer\u00eancias fazem parte da , organizada pela Funda\u00e7\u00e3o em parceria com as duas universidades norte-americanas, com apoio do Woodrow Wilson International Center for Scholars, sediado em Washington, DC, nos Estados Unidos.<\/p>\n<p>O objetivo \u00e9 ampliar a coopera\u00e7\u00e3o cient\u00edfica entre os dois pa\u00edses em projetos de pesquisa sobre Gen\u00f4mica, Ambiente e Sustentabilidade, Sa\u00fade Humana, Engenharia, Agricultura e \u00c1gua, Bioinform\u00e1tica, Novos Materiais, Direito e Justi\u00e7a Social.<\/p>\n<p>&#8220;A FAPESP valoriza a colabora\u00e7\u00e3o de pesquisa entre cientistas do Estado de S\u00e3o Paulo, Brasil, e colegas da University of Michigan e da Ohio State University. As colabora\u00e7\u00f5es cient\u00edficas cobrem uma ampla gama de \u00e1reas da ci\u00eancia e os simp\u00f3sios FAPESP Week 2016 criam mais visibilidade e oportunidades para essa coopera\u00e7\u00e3o&#8221;, diz Carlos Henrique de Brito Cruz, diretor cient\u00edfico da FAPESP.<\/p>\n<p>A programa\u00e7\u00e3o do simp\u00f3sio realizado na University of Michigan, em 28\/3 e 29\/3, ser\u00e1 aberta com uma exposi\u00e7\u00e3o sobre a estrat\u00e9gia internacional da FAPESP para coopera\u00e7\u00e3o cient\u00edfica, por Brito Cruz.<\/p>\n<p>Na sess\u00e3o sobre Ambiente, Governan\u00e7a e Sustentabilidade, as pesquisadoras Maria Carmen Lemos, da UM, e Gabriela Di Giulio, da Faculdade de Sa\u00fade P\u00fablica da Universidade de S\u00e3o Paulo (USP), apresentar\u00e3o conclus\u00f5es de projeto desenvolvido em coopera\u00e7\u00e3o sobre a percep\u00e7\u00e3o de riscos e adapta\u00e7\u00e3o a mudan\u00e7as clim\u00e1ticas em n\u00edvel local, sob a influ\u00eancia de fatores como o aumento da vulnerabilidade de comunidades, mudan\u00e7as do uso da terra, urbaniza\u00e7\u00e3o e polui\u00e7\u00e3o. A pesquisa tem apoio da FAPESP e da UM no \u00e2mbito do  assinado em 2012 pelas duas institui\u00e7\u00f5es.<\/p>\n<p>Outra confer\u00eancia na mesma sess\u00e3o ir\u00e1 abordar a pesquisa em coopera\u00e7\u00e3o entre Vitor Li, da UM, e Holmer Savastano J\u00fanior, da USP, sobre materiais comp\u00f3sitos sustent\u00e1veis para a constru\u00e7\u00e3o civil, com uso de fibras agr\u00edcolas e res\u00edduos de minera\u00e7\u00e3o.<\/p>\n<p>No mesmo dia, na sess\u00e3o de Gen\u00e9tica e Gen\u00f4mica com foco na identifica\u00e7\u00e3o de genes causadores de doen\u00e7as, Brian Byrd, da UM, aborda a hipertens\u00e3o resistente a tratamento e a medicina personalizada; e Nils Walter, tamb\u00e9m da UM, trata do papel de mol\u00e9culas de RNA nos processos celulares e na preven\u00e7\u00e3o de doen\u00e7as. Nessa mesmas \u00e1reas far\u00e3o confer\u00eancia pesquisadores da Universidade Federal de S\u00e3o Paulo (Unifesp) e do Instituto do Cora\u00e7\u00e3o (Incor) e do Hospital das Cl\u00ednicas da Faculdade de Medicina, ambos ligados \u00e0 USP.<\/p>\n<p>Os t\u00f3picos em Sa\u00fade Humana incluem a apresenta\u00e7\u00e3o Desenvolvimento infantil em \u00e1reas urbanas pobres, por Alexandra Brentani, da Faculdade de Medicina da USP, e Michele Heisler, da UM. Especializadas em medicina preventiva, as pesquisadoras ir\u00e3o mostrar os resultados de sua colabora\u00e7\u00e3o para melhorar o atendimento e os resultados de sa\u00fade na Regi\u00e3o Oeste de S\u00e3o Paulo.<\/p>\n<p>Outras confer\u00eancias em Sa\u00fade abordar\u00e3o resultados de pesquisa para cura da ataxia (transtorno neurol\u00f3gico caracterizado pela falta de coordena\u00e7\u00e3o de movimentos) e avan\u00e7os da pesquisa m\u00e9dica sobre reabilita\u00e7\u00e3o e les\u00f5es na medula espinal. Na mesma sess\u00e3o, a professora Iscia Lopes Cendes, idealizadora da Brazilian Initiative on Precision Medicine (BIPMed), o primeiro banco de dados gen\u00f4micos da Am\u00e9rica Latina, falar\u00e1 sobre esse projeto (Para mais informa\u00e7\u00f5es sobre o BIPMed leia)<\/p>\n<p>O simp\u00f3sio na University of Michigan ainda ter\u00e1 confer\u00eancias sobre pesquisa cient\u00edfica e tecnol\u00f3gica em Engenharia voltada para a ind\u00fastria aeroespacial e em Direito e Justi\u00e7a Social relativos a escravid\u00e3o, tr\u00e1fico de seres humanos, gen\u00e9tica e direitos humanos.<\/p>\n<p>Simp\u00f3sio na Ohio State University<\/p>\n<p>A s\u00e9rie de confer\u00eancias da FAPESP Week 2016 na Ohio State University, nos dias 31 de mar\u00e7o e 1\u00ba de abril, vai tratar de processos para tomada de decis\u00e3o na \u00e1rea pol\u00edtica com base em informa\u00e7\u00f5es cient\u00edficas; Agricultura e \u00c1gua; Bioinform\u00e1tica; Novos Materiais; e Medicina e Sa\u00fade.<\/p>\n<p>A confer\u00eancia de Jos\u00e9 Marengo, pesquisador do Centro de Monitoramento de Desastres Naturais (Cemaden), do Instituto Nacional de Pesquisas Espaciais (Inpe), apresentar\u00e1 resultados de um estudo internacional sobre a eleva\u00e7\u00e3o do n\u00edvel do mar causada pelas mudan\u00e7as clim\u00e1ticas em Santos, litoral sul do Estado de S\u00e3o Paulo. A pesquisa incluiu o condado de Broward, na Fl\u00f3rida, Estados Unidos, e Selsey, na Inglaterra, Reino Unido.<\/p>\n<p>O projeto teve a participa\u00e7\u00e3o de pesquisadores da University of South Florida, dos Estados Unidos, e do King\u2019s College London, da Inglaterra, e apoio da FAPESP no Acordo com o Belmont Forum \u2013 grupo formado por algumas das principais ag\u00eancias financiadoras de projetos de pesquisa sobre mudan\u00e7as ambientais no mundo (Para mais informa\u00e7\u00f5es sobre o estudo leia)<\/p>\n<p>Na \u00e1rea de Agricultura e \u00c1gua, o foco dos debates ser\u00e1 o uso de ultrassom como tecnologia de controle da polui\u00e7\u00e3o; agricultura de precis\u00e3o; o papel das universidades na avalia\u00e7\u00e3o de sustentabilidade; desafios para a pesquisa sobre a variabilidade natural da oferta de \u00e1gua, al\u00e9m do crescimento da demanda e sustentabilidade em seu uso.<\/p>\n<p>Outros temas de confer\u00eancias ser\u00e3o a modelagem de sistemas de informa\u00e7\u00f5es geoespaciais, integra\u00e7\u00e3o de dados gen\u00e9ticos para investiga\u00e7\u00e3o de biomarcadores de doen\u00e7as, descoberta de produtos naturais bioativos e materiais sustent\u00e1veis para a constru\u00e7\u00e3o civil.<\/p>\n<p>A sess\u00e3o sobre Medicina e Sa\u00fade inclui temas em gen\u00e9tica molecular e c\u00e2ncer, avan\u00e7os da pesquisa m\u00e9dica para o desenvolvimento de produtos voltados para a neurorreabilita\u00e7\u00e3o de pacientes e marcadores para progn\u00f3stico de doen\u00e7as linfoproliferativas. Participam pesquisadores brasileiros ligados ao Instituto do Cora\u00e7\u00e3o da Faculdade de Medicina da USP e da Universidade Federal (Unifesp) e norte-americanos do Spine Research Institute, do Molecular Virology, Immunology and Medical Genetics, e da OSU.<\/p>\n<p>Na mesma sess\u00e3o, haver\u00e1 uma confer\u00eancia de Sudha Agarwal, da mesma universidade. A pesquisadora tem apoio da OSU para desenvolver um projeto sobre Resposta de biomarcadores de osteoartrite ap\u00f3s um programa de reabilita\u00e7\u00e3o, desenvolvido em colabora\u00e7\u00e3o com Mario Ferretti Filho, do Instituto Israelita de Ensino e Pesquisa Albert Einstein, em S\u00e3o Paulo, um dos sete projetos selecionados em 2015 pelas duas institui\u00e7\u00f5es no \u00e2mbito de\u00a0\u00a0assinado em 2013.<\/p>\n<p>Para mais informa\u00e7\u00f5es sobre a FAPESP Week 2016 Michigan e Ohio e para inscri\u00e7\u00e3o nos simp\u00f3sios acesse o site.<\/p>\n<p>Coopera\u00e7\u00e3o cient\u00edfica com os Estados Unidos<\/p>\n<p>Al\u00e9m de apoiar projetos em colabora\u00e7\u00e3o espont\u00e2nea entre pesquisadores brasileiros e norte-americanos, a FAPESP mant\u00e9m acordos de coopera\u00e7\u00e3o cient\u00edfica e tecnol\u00f3gica com institui\u00e7\u00f5es dos Estados Unidos para garantir mecanismos e ampliar esse interc\u00e2mbio.<\/p>\n<p>A FAPESP mant\u00e9m acordos com nove ag\u00eancias de fomento, 22 universidades e institui\u00e7\u00f5es de ensino e pesquisa e tr\u00eas empresas dos Estados Unidos. Desde o in\u00edcio dos anos 2000, 224 projetos foram apoiados por meio desses acordos.<\/p>\n<p>Atualmente, cerca de R$ 31,6 milh\u00f5es est\u00e3o destinados \u2013 e R$ 16,4 milh\u00f5es j\u00e1 foram desembolsados pela Funda\u00e7\u00e3o \u2013 para apoio a 59 projetos atualmente vigentes, desenvolvidos em conjunto entre pesquisadores brasileiros e norte-americanos apoiados pela National Science Foundation (NSF), National Institutes of Health (NIH), US Department of Energy (na iniciativa Green Ocean Amazon, GOAmazon), institui\u00e7\u00f5es de fomento multinacionais com participa\u00e7\u00e3o dos Estados Unidos, como Belmont Forum e International Union of Pure and Applied Chemistry (IUPAC); empresas Microsoft e Agilent Technologies; Universidades de Michigan, Vanderbilt, do Texas, da Carolina do Norte, al\u00e9m do Massachusetts Institute of Technology (MIT).<\/p>\n","protected":false},"excerpt":{"rendered":"<p>Ag\u00eancia FAPESP \u2013 Pesquisadores do Brasil e dos Estados Unidos participam entre 28 de mar\u00e7o e 1\u00ba de abril de dois simp\u00f3sios organizados pela FAPESP na University of Michigan (UM) e na Ohio State University (OSU). As confer\u00eancias fazem parte da , organizada pela Funda\u00e7\u00e3o em parceria com as duas universidades norte-americanas, com apoio do [&hellip;]<\/p>\n","protected":false},"author":2,"featured_media":36246,"comment_status":"open","ping_status":"closed","sticky":false,"template":"","format":"standard","meta":{"tdm_status":"","tdm_grid_status":"","footnotes":""},"categories":[22,351,370],"tags":[],"class_list":{"0":"post-82979","1":"post","2":"type-post","3":"status-publish","4":"format-standard","5":"has-post-thumbnail","7":"category-brasil","8":"category-cursos","9":"category-inscricao"},"_links":{"self":[{"href":"https:\/\/migracao.redenoticia.com.br\/noticia\/wp-json\/wp\/v2\/posts\/82979","targetHints":{"allow":["GET"]}}],"collection":[{"href":"https:\/\/migracao.redenoticia.com.br\/noticia\/wp-json\/wp\/v2\/posts"}],"about":[{"href":"https:\/\/migracao.redenoticia.com.br\/noticia\/wp-json\/wp\/v2\/types\/post"}],"author":[{"embeddable":true,"href":"https:\/\/migracao.redenoticia.com.br\/noticia\/wp-json\/wp\/v2\/users\/2"}],"replies":[{"embeddable":true,"href":"https:\/\/migracao.redenoticia.com.br\/noticia\/wp-json\/wp\/v2\/comments?post=82979"}],"version-history":[{"count":0,"href":"https:\/\/migracao.redenoticia.com.br\/noticia\/wp-json\/wp\/v2\/posts\/82979\/revisions"}],"wp:featuredmedia":[{"embeddable":true,"href":"https:\/\/migracao.redenoticia.com.br\/noticia\/wp-json\/wp\/v2\/media\/36246"}],"wp:attachment":[{"href":"https:\/\/migracao.redenoticia.com.br\/noticia\/wp-json\/wp\/v2\/media?parent=82979"}],"wp:term":[{"taxonomy":"category","embeddable":true,"href":"https:\/\/migracao.redenoticia.com.br\/noticia\/wp-json\/wp\/v2\/categories?post=82979"},{"taxonomy":"post_tag","embeddable":true,"href":"https:\/\/migracao.redenoticia.com.br\/noticia\/wp-json\/wp\/v2\/tags?post=82979"}],"curies":[{"name":"wp","href":"https:\/\/api.w.org\/{rel}","templated":true}]}}