{"id":82981,"date":"2016-03-24T10:25:55","date_gmt":"2016-03-24T13:25:55","guid":{"rendered":"http:\/\/www.redenoticia.com.br\/noticia\/?p=82981"},"modified":"2016-03-23T18:29:38","modified_gmt":"2016-03-23T21:29:38","slug":"projeto-oferece-curso-gratuito-de-cinema-em-sp","status":"publish","type":"post","link":"https:\/\/migracao.redenoticia.com.br\/noticia\/2016\/projeto-oferece-curso-gratuito-de-cinema-em-sp\/82981","title":{"rendered":"Projeto oferece curso gratuito de cinema em SP"},"content":{"rendered":"<p> H\u00e1 na capital paulista um <strong><em>curso gratuito sobre cinema<\/em><\/strong> voltado aos jovens. Trata-se do projeto &#8220;\u00c9 n\u00f3s na fita&#8221;, cuja proposta \u00e9 ajudar os amantes da s\u00e9tima arte a criar curtas. Ao longo de 2016, ser\u00e3o abertas cinco edi\u00e7\u00f5es do curso. S\u00e3o 25 vagas para cada oficina e a presen\u00e7a nas aulas \u00e9 obrigat\u00f3ria.<\/p>\n<p>Ao todo, s\u00e3o 18 aulas presenciais, que ocorrem sempre aos s\u00e1bados e domingos, em per\u00edodo integral, de 9h at\u00e9 as 18h. Atividades pr\u00e1ticas desenvolvidas pelos docentes possibilitam que ao final do curso a turma produza dois curtas-metragens.<\/p>\n<p>Todos os professores do projeto s\u00e3o profissionais atuantes em cinema, TV ou publicidade, com grande experi\u00eancia no ensino universit\u00e1rio e na realiza\u00e7\u00e3o de oficinas para jovens.<\/p>\n<p>.<br \/>\n.<\/p>\n<p>Do Portal do Governo do Estado SP<br \/>\n&#8212;<\/p>\n<p>Em 2016, ser\u00e3o realizadas 5 edi\u00e7\u00f5es do curso gratuito de cinema, em diferentes regi\u00f5es da cidade de S\u00e3o Paulo. Confira local, per\u00edodo de aulas e cronograma dos cursos do 1\u00ba semestre, j\u00e1 confirmados.<br \/>\nObs: Os cronogramas abaixo podem sofrer pequenos ajustes, segundo eventuais contratempos das entidades parceiras. <\/p>\n<p>1. CENTRO \u2013 ESCOLA DA CIDADE<\/p>\n<p>Local: Escola da Cidade<br \/>\nEndere\u00e7o: Rua General Jardim, 65 \u2013 Vila Buarque \u2013 S\u00e3o Paulo\/SP. \u2013 Esta\u00e7\u00e3o Rep\u00fablica do Metr\u00f4 (Linha 3 Vermelha \u2013 Linha 4 \u2013 Amarela)<br \/>\nFone: (11) 3258 8108.<br \/>\nAulas:12 de Mar\u00e7o a 22 de Maio de 2016.<br \/>\nInscri\u00e7\u00f5es encerradas.<\/p>\n<p>SEMANA 1<br \/>\n12\/03 \u2013 S\u00e1bado:<br \/>\n09h-13h: Hist\u00f3ria do Cinema \/ Linguagem Cinematogr\u00e1fica.<br \/>\n14h-18h: Linguagem Cinematogr\u00e1fica \/ Narrativa.<br \/>\n13\/03 \u2013 Domingo:<br \/>\n09h-13h: Cria\u00e7\u00e3o de Sinopses (Prepara\u00e7\u00e3o dos curtas).<br \/>\nTarde: Livre.<\/p>\n<p>SEMANA 2<br \/>\n19\/03 \u2013 S\u00e1bado:<br \/>\n09h-13h: Roteiro.<br \/>\n14h-18h: Roteiro (Prepara\u00e7\u00e3o dos curtas).<br \/>\n20\/03 \u2013 Domingo:<br \/>\n09h-13h: Dire\u00e7\u00e3o (Prepara\u00e7\u00e3o dos curtas).<br \/>\n14h-18h: Dire\u00e7\u00e3o (Prepara\u00e7\u00e3o dos curtas).<\/p>\n<p>26\/03 E 27\/03  \u2013 SEM AULAS<\/p>\n<p>SEMANA 3<br \/>\n02\/04 \u2013 S\u00e1bado:<br \/>\n09h-13h: Produ\u00e7\u00e3o.<br \/>\n14h-18h: Dire\u00e7\u00e3o.<br \/>\n03\/04 \u2013 Domingo:<br \/>\n09h-13h: Fotografia.<br \/>\n14h-18h: Edi\u00e7\u00e3o. <\/p>\n<p>SEMANA 4<br \/>\n09\/04 \u2013 S\u00e1bado:<br \/>\n09h-13h: Som.<br \/>\n14h-18h: Dire\u00e7\u00e3o de Arte.<br \/>\n10\/04 \u2013 Domingo:<br \/>\n09h-13h: Dire\u00e7\u00e3o e Produ\u00e7\u00e3o (Prepara\u00e7\u00e3o dos curtas).<br \/>\n14h-18h: Dire\u00e7\u00e3o e Produ\u00e7\u00e3o (Prepara\u00e7\u00e3o dos curtas).<\/p>\n<p>SEMANA 5<br \/>\n16\/04 \u2013 S\u00e1bado:<br \/>\n09h-13h: Dire\u00e7\u00e3o de Arte e Fotografia (Prepara\u00e7\u00e3o dos curtas)<br \/>\n14h-18h: Dire\u00e7\u00e3o de Arte e Fotografia (Prepara\u00e7\u00e3o dos curtas).<br \/>\n17\/04 \u2013 Domingo:<br \/>\n09h-13h: Som e Fotografia (Prepara\u00e7\u00e3o dos curtas).<br \/>\n14h-18h: Som e Fotografia (Prepara\u00e7\u00e3o dos curtas).<\/p>\n<p>SEMANA 6<br \/>\n23\/04 \u2013 S\u00e1bado:<br \/>\n09h-13h: Dire\u00e7\u00e3o de Atores (Prepara\u00e7\u00e3o dos curtas).<br \/>\n14h-18h: Finaliza\u00e7\u00e3o da pr\u00e9-produ\u00e7\u00e3o dos curtas.<br \/>\n24\/04 \u2013 Domingo:<br \/>\n09h-13h:  Dire\u00e7\u00e3o e Produ\u00e7\u00e3o (Prepara\u00e7\u00e3o dos curtas).<br \/>\n14h-18h:  Finaliza\u00e7\u00e3o da pr\u00e9-produ\u00e7\u00e3o dos curtas.<\/p>\n<p>SEMANA 7<br \/>\n30\/04 \u2013 S\u00e1bado:<br \/>\n09h-13h: Grava\u00e7\u00e3o dos Curtas.<br \/>\n14h-18h: Grava\u00e7\u00e3o dos Curtas.<br \/>\n01\/05 \u2013 Domingo:<br \/>\n09h-13h: Grava\u00e7\u00e3o dos Curtas.<br \/>\n14h-18h: Grava\u00e7\u00e3o dos Curtas.<\/p>\n<p>07\/05 E 08\/05  \u2013 SEM AULAS<\/p>\n<p>SEMANA 8<br \/>\n14\/05 \u2013 S\u00e1bado:<br \/>\n09h-13h: Edi\u00e7\u00e3o dos Curtas \/ Montagem.<br \/>\n14h-18h: Edi\u00e7\u00e3o dos Curtas \/ Montagem.<br \/>\n15\/05 Domingo:<br \/>\n09h-13h: Edi\u00e7\u00e3o dos Curtas \/ Montagem.<br \/>\n14h-18h: Edi\u00e7\u00e3o dos Curtas \/ Dire\u00e7\u00e3o.<\/p>\n<p>SEMANA 9<br \/>\n21\/05 \u2013 S\u00e1bado:<br \/>\n09h-13h: Edi\u00e7\u00e3o dos Curtas \/ Som.<br \/>\n14h-18h: Edi\u00e7\u00e3o dos Curtas \/ Finaliza\u00e7\u00e3o.<br \/>\n22\/05 \u2013 Domingo:<br \/>\n09h-13h: Edi\u00e7\u00e3o dos Curtas \/ Finaliza\u00e7\u00e3o.<br \/>\n14h-18h: Edi\u00e7\u00e3o dos Curtas \/ Finaliza\u00e7\u00e3o.<\/p>\n<p>Observa\u00e7\u00e3o:<br \/>\nAs aulas acontecem em per\u00edodo integral, de 9h a 18h, com intervalo entre 13h a 14h.<br \/>\nEvento de Conclus\u00e3o previsto para 04\/06, s\u00e1bado, em local a definir.<\/p>\n<p>Aten\u00e7\u00e3o!<br \/>\nPara o bom aproveitamento do curso, os alunos devem comparecer a todas as aulas. O compromisso de assiduidade \u00e9 fundamental para os objetivos do projeto. Antes de fazer sua inscri\u00e7\u00e3o, veja se voc\u00ea estar\u00e1 dispon\u00edvel em todas as datas e hor\u00e1rios deste curso. <\/p>\n<p>2. ZONA SUL \u2013 CEU HELI\u00d3POLIS<\/p>\n<p>Local: CEU Heli\u00f3polis<br \/>\nEndere\u00e7o: Estrada das L\u00e1grimas, 2.385.<br \/>\nJo\u00e3o Cl\u00edmaco \u2013 S\u00e3o Paulo\/SP.<br \/>\nFone: (11) 2083 2203.<br \/>\nAulas: 09 de Abril a 12 de Junho de 2016.<br \/>\nInscri\u00e7\u00f5es abertas at\u00e9 23\/03.<\/p>\n<p>SEMANA 1<br \/>\n09\/04 \u2013 S\u00e1bado:<br \/>\n09h-13h: Hist\u00f3ria do Cinema \/ Linguagem Cinematogr\u00e1fica.<br \/>\n14h-18h: Linguagem Cinematogr\u00e1fica \/ Narrativa.<br \/>\n10\/04 \u2013 Domingo:<br \/>\n09h-13h: Cria\u00e7\u00e3o de Sinopses (Prepara\u00e7\u00e3o dos curtas).<br \/>\nTarde: Livre.<\/p>\n<p>SEMANA 2<br \/>\n16\/04 \u2013 S\u00e1bado:<br \/>\n09h-13h: Roteiro.<br \/>\n14h-18h: Roteiro (Prepara\u00e7\u00e3o dos curtas).<br \/>\n17\/04 \u2013 Domingo:<br \/>\n09h-13h: Dire\u00e7\u00e3o (Prepara\u00e7\u00e3o dos curtas).<br \/>\n14h-18h: Dire\u00e7\u00e3o (Prepara\u00e7\u00e3o dos curtas).<\/p>\n<p>SEMANA 3<br \/>\n23\/04 \u2013 S\u00e1bado:<br \/>\n09h-13h: Produ\u00e7\u00e3o.<br \/>\n14h-18h: Dire\u00e7\u00e3o.<br \/>\n24\/04 \u2013 Domingo:<br \/>\n09h-13h: Fotografia.<br \/>\n14h-18h: Edi\u00e7\u00e3o.<\/p>\n<p>SEMANA 4<br \/>\n30\/04 \u2013 S\u00e1bado:<br \/>\n09h-13h: Som.<br \/>\n14h-18h: Dire\u00e7\u00e3o de Arte.<br \/>\n01\/05- Domingo:<br \/>\n09h-13h: Dire\u00e7\u00e3o e Produ\u00e7\u00e3o (Prepara\u00e7\u00e3o dos curtas).<br \/>\n14h-18h: Dire\u00e7\u00e3o e Produ\u00e7\u00e3o (Prepara\u00e7\u00e3o dos curtas).<\/p>\n<p>07\/05 E 08\/05  \u2013 SEM AULAS<\/p>\n<p>SEMANA 5<br \/>\n14\/05 \u2013 S\u00e1bado:<br \/>\n09h-13h: Dire\u00e7\u00e3o de Arte e Fotografia (Prepara\u00e7\u00e3o dos curtas).<br \/>\n14h-18h: Dire\u00e7\u00e3o de Arte e Fotografia (Prepara\u00e7\u00e3o dos curtas).<br \/>\n15\/05 \u2013 Domingo:<br \/>\n09h-13h: Som e Fotografia (Prepara\u00e7\u00e3o dos curtas).<br \/>\n14h-18h: Som e Fotografia (Prepara\u00e7\u00e3o dos curtas).<\/p>\n<p>SEMANA 6<br \/>\n21\/05 \u2013 S\u00e1bado:<br \/>\n09h-13h: Dire\u00e7\u00e3o de Atores (Prepara\u00e7\u00e3o dos curtas).<br \/>\n14h-18h: Dire\u00e7\u00e3o e Produ\u00e7\u00e3o (Prepara\u00e7\u00e3o dos curtas).<br \/>\n22\/05 \u2013 Domingo:<br \/>\n09h-13h: Finaliza\u00e7\u00e3o da pr\u00e9-produ\u00e7\u00e3o dos curtas.<br \/>\n14h-18h: Finaliza\u00e7\u00e3o da pr\u00e9-produ\u00e7\u00e3o dos curtas.<\/p>\n<p>SEMANA 7<br \/>\n28\/05 \u2013 S\u00e1bado:<br \/>\n09h-13h: Grava\u00e7\u00e3o dos Curtas.<br \/>\n14h-18h: Grava\u00e7\u00e3o dos Curtas.<br \/>\n29\/05 \u2013 Domingo:<br \/>\n09h-13h: Grava\u00e7\u00e3o dos Curtas.<br \/>\n14h-18h: Grava\u00e7\u00e3o dos Curtas.<\/p>\n<p>SEMANA 8<br \/>\n04\/06 \u2013 S\u00e1bado:<br \/>\n09h-13h: Edi\u00e7\u00e3o dos Curtas \/ Montagem.<br \/>\n14h-18h: Edi\u00e7\u00e3o dos Curtas \/ Montagem.<br \/>\n05\/06 \u2013 Domingo:<br \/>\n09h-13h: Edi\u00e7\u00e3o dos Curtas \/ Montagem.<br \/>\n14h-18h: Edi\u00e7\u00e3o dos Curtas \/ Supervis\u00e3o Dire\u00e7\u00e3o.<\/p>\n<p>SEMANA 9<br \/>\n11\/06 \u2013 S\u00e1bado:<br \/>\n09h-13h: Edi\u00e7\u00e3o dos Curtas \/ Edi\u00e7\u00e3o de Som.<br \/>\n14h-18h: Edi\u00e7\u00e3o dos Curtas \/ Finaliza\u00e7\u00e3o.<br \/>\n12\/06 \u2013 Domingo:<br \/>\n09h-13h: Edi\u00e7\u00e3o dos Curtas \/ Finaliza\u00e7\u00e3o.<br \/>\n14h-18h: Edi\u00e7\u00e3o dos Curtas \/ Finaliza\u00e7\u00e3o.<\/p>\n<p>Observa\u00e7\u00e3o:<br \/>\nAs aulas acontecem em per\u00edodo integral, de 9h a 18h, com intervalo entre 13h a 14h.<br \/>\nEvento de Conclus\u00e3o previsto para 18\/06, s\u00e1bado, no CEU Heli\u00f3polis.<\/p>\n<p>Aten\u00e7\u00e3o!<br \/>\nPara o bom aproveitamento do curso, os alunos devem comparecer a todas as aulas. O compromisso de assiduidade \u00e9 fundamental para os objetivos do projeto. Antes de fazer sua inscri\u00e7\u00e3o, veja se voc\u00ea estar\u00e1 dispon\u00edvel em todas as datas e hor\u00e1rios deste curso. <\/p>\n<p>3. ZONA OESTE \u2013 CEU JAGUAR\u00c9<\/p>\n<p>Local: CEU Jaguar\u00e9<br \/>\nEndere\u00e7o: Avenida Kenkiti Simonoto, 80, Jaguar\u00e9 \u2013 S\u00e3o Paulo\/SP.<br \/>\nFone: (11) 3719 2343.<br \/>\nAulas: 14 de Maio a 24 de Julho de 2016.<br \/>\nInscri\u00e7\u00f5es abertas at\u00e9 24\/04.<\/p>\n<p>SEMANA 1<br \/>\n14\/05 \u2013 S\u00e1bado:<br \/>\n09h-13h: Hist\u00f3ria do Cinema \/ Linguagem Cinematogr\u00e1fica.<br \/>\n14h-18h: Linguagem Cinematogr\u00e1fica \/ Narrativa.<br \/>\n15\/05 \u2013 Domingo:<br \/>\n09h-13h: Cria\u00e7\u00e3o de Sinopses (Prepara\u00e7\u00e3o dos curtas).<br \/>\nTarde: Livre.<\/p>\n<p>SEMANA 2<br \/>\n21\/05 \u2013 S\u00e1bado:<br \/>\n09h-13h: Roteiro.<br \/>\n14h-18h: Roteiro (Prepara\u00e7\u00e3o dos curtas).<br \/>\n22\/05 \u2013 Domingo:<br \/>\n09h-13h: Dire\u00e7\u00e3o (Prepara\u00e7\u00e3o dos curtas).<br \/>\n14h-18h: Dire\u00e7\u00e3o (Prepara\u00e7\u00e3o dos curtas).<\/p>\n<p>28\/05 E 29\/05  \u2013 SEM AULAS<\/p>\n<p>SEMANA 3<br \/>\n04\/06 \u2013 S\u00e1bado:<br \/>\n09h-13h: Produ\u00e7\u00e3o.<br \/>\n14h-18h: Dire\u00e7\u00e3o.<br \/>\n05\/06 \u2013 Domingo:<br \/>\n09h-13h: Fotografia.<br \/>\n14h-18h: Edi\u00e7\u00e3o.<\/p>\n<p>11\/06 E 12\/06  \u2013 SEM AULAS<\/p>\n<p>SEMANA 4<br \/>\n18\/06 \u2013 S\u00e1bado:<br \/>\n09h-13h: Som.<br \/>\n14h-18h: Dire\u00e7\u00e3o de Arte.<br \/>\n19\/06 \u2013 Domingo:<br \/>\n09h-13h: Dire\u00e7\u00e3o e Produ\u00e7\u00e3o (Prepara\u00e7\u00e3o dos curtas).<br \/>\n14h-18h: Dire\u00e7\u00e3o e Produ\u00e7\u00e3o (Prepara\u00e7\u00e3o dos curtas).<\/p>\n<p>SEMANA 5<br \/>\n25\/06 \u2013 S\u00e1bado:<br \/>\n09h-13h: Dire\u00e7\u00e3o de Arte e Fotografia (Prepara\u00e7\u00e3o dos curtas).<br \/>\n14h-18h: Dire\u00e7\u00e3o de Arte e Fotografia (Prepara\u00e7\u00e3o dos curtas).<br \/>\n26\/06 \u2013 Domingo:<br \/>\n09h-13h: Som e Fotografia (Prepara\u00e7\u00e3o dos curtas).<br \/>\n14h-18h: Som e Fotografia (Prepara\u00e7\u00e3o dos curtas).<\/p>\n<p>SEMANA 6<br \/>\n02\/07 \u2013 S\u00e1bado:<br \/>\n09h-13h: Dire\u00e7\u00e3o de Atores (Prepara\u00e7\u00e3o dos curtas).<br \/>\n14h-18h: Dire\u00e7\u00e3o e Produ\u00e7\u00e3o (Prepara\u00e7\u00e3o dos curtas).<br \/>\n03\/07 \u2013 Domingo:<br \/>\n09h-13h: Finaliza\u00e7\u00e3o da pr\u00e9-produ\u00e7\u00e3o dos curtas.<br \/>\n14h-18h: Finaliza\u00e7\u00e3o da pr\u00e9-produ\u00e7\u00e3o dos curtas.<\/p>\n<p>SEMANA 7<br \/>\n09\/07 \u2013 S\u00e1bado:<br \/>\n09h-13h: Grava\u00e7\u00e3o dos Curtas.<br \/>\n14h-18h: Grava\u00e7\u00e3o dos Curtas.<br \/>\n10\/07 \u2013 Domingo:<br \/>\n09h-13h: Grava\u00e7\u00e3o dos Curtas.<br \/>\n14h-18h: Grava\u00e7\u00e3o dos Curtas.<\/p>\n<p>SEMANA 8<br \/>\n16\/07 \u2013 S\u00e1bado:<br \/>\n09h-13h: Edi\u00e7\u00e3o dos Curtas \/ Montagem.<br \/>\n14h-18h: Edi\u00e7\u00e3o dos Curtas \/ Montagem.<br \/>\n17\/07 \u2013 Domingo:<br \/>\n09h-13h: Edi\u00e7\u00e3o dos Curtas \/ Montagem.<br \/>\n14h-18h: Edi\u00e7\u00e3o dos Curtas \/ Supervis\u00e3o Dire\u00e7\u00e3o.<\/p>\n<p>SEMANA 9<br \/>\n23\/07 \u2013 S\u00e1bado:<br \/>\n09h-13h: Edi\u00e7\u00e3o dos Curtas \/ Edi\u00e7\u00e3o de Som.<br \/>\n14h-18h: Edi\u00e7\u00e3o dos Curtas \/ Finaliza\u00e7\u00e3o.<br \/>\n24\/07 \u2013 Domingo:<br \/>\n09h-13h: Edi\u00e7\u00e3o dos Curtas \/ Finaliza\u00e7\u00e3o.<br \/>\n14h-18h: Edi\u00e7\u00e3o dos Curtas \/ Finaliza\u00e7\u00e3o.<\/p>\n<p>Observa\u00e7\u00e3o:<br \/>\nAs aulas acontecem em per\u00edodo integral, de 9h a 18h, com intervalo entre 13h a 14h.<br \/>\nEvento de Conclus\u00e3o previsto para 06\/08, s\u00e1bado, no CEU Jaguar\u00e9.<\/p>\n<p>Aten\u00e7\u00e3o!<br \/>\nPara o bom aproveitamento do curso, os alunos devem comparecer a todas as aulas. O compromisso de assiduidade \u00e9 fundamental para os objetivos do projeto. Antes de fazer sua inscri\u00e7\u00e3o, veja se voc\u00ea estar\u00e1 dispon\u00edvel em todas as datas e hor\u00e1rios deste curso. <\/p>\n<p>4. ZONA LESTE \u2013 CEU QUINTA DO SOL<\/p>\n<p>Local: CEU Quinta do Sol<br \/>\nEndere\u00e7o: Avenida Luiz Imparato, 54, Parque Cisper \u2013 S\u00e3o Paulo\/SP.<br \/>\nFone: (11) 3396 3430.<br \/>\nAulas: 20 de Agosto a 23 de Outubro de 2016.<br \/>\nInscri\u00e7\u00f5es abertas at\u00e9 07\/08.<br \/>\nSEMANA 1<br \/>\n20\/08 \u2013 S\u00e1bado:<br \/>\n09h-13h: Hist\u00f3ria do Cinema \/ Linguagem Cinematogr\u00e1fica.<br \/>\n14h-18h: Linguagem Cinematogr\u00e1fica \/ Narrativa.<br \/>\n21\/08 \u2013 Domingo:<br \/>\n09h-13h: Cria\u00e7\u00e3o de Sinopses (Prepara\u00e7\u00e3o dos curtas).<br \/>\nTarde: Livre.<\/p>\n<p>SEMANA 2<br \/>\n27\/08 \u2013 S\u00e1bado:<br \/>\n09h-13h: Roteiro.<br \/>\n14h-18h: Roteiro (Prepara\u00e7\u00e3o dos curtas).<br \/>\n28\/08 \u2013 Domingo:<br \/>\n09h-13h: Dire\u00e7\u00e3o (Prepara\u00e7\u00e3o dos curtas).<br \/>\n14h-18h: Dire\u00e7\u00e3o (Prepara\u00e7\u00e3o dos curtas).<\/p>\n<p>SEMANA 3<br \/>\n03\/09 \u2013 S\u00e1bado:<br \/>\n09h-13h: Produ\u00e7\u00e3o.<br \/>\n14h-18h: Dire\u00e7\u00e3o.<br \/>\n04\/09 \u2013 Domingo:<br \/>\n09h-13h: Fotografia.<br \/>\n14h-18h: Edi\u00e7\u00e3o.<\/p>\n<p>SEMANA 4<br \/>\n10\/09 \u2013 S\u00e1bado:<br \/>\n09h-13h: Som.<br \/>\n14h-18h: Dire\u00e7\u00e3o de Arte.<br \/>\n11\/09 \u2013 Domingo:<br \/>\n09h-13h: Dire\u00e7\u00e3o e Produ\u00e7\u00e3o (Prepara\u00e7\u00e3o dos curtas).<br \/>\n14h-18h: Dire\u00e7\u00e3o e Produ\u00e7\u00e3o (Prepara\u00e7\u00e3o dos curtas).<\/p>\n<p>SEMANA 5<br \/>\n17\/09 \u2013 S\u00e1bado:<br \/>\n09h-13h: Dire\u00e7\u00e3o de Arte e Fotografia (Prepara\u00e7\u00e3o dos curtas).<br \/>\n14h-18h: Dire\u00e7\u00e3o de Arte e Fotografia (Prepara\u00e7\u00e3o dos curtas).<br \/>\n18\/09 \u2013 Domingo:<br \/>\n09h-13h: Som e Fotografia (Prepara\u00e7\u00e3o dos curtas).<br \/>\n14h-18h: Som e Fotografia (Prepara\u00e7\u00e3o dos curtas).<\/p>\n<p>SEMANA 6<br \/>\n24\/09 \u2013 S\u00e1bado:<br \/>\n09h-13h: Dire\u00e7\u00e3o de Atores (Prepara\u00e7\u00e3o dos curtas).<br \/>\n14h-18h: Dire\u00e7\u00e3o e Produ\u00e7\u00e3o (Prepara\u00e7\u00e3o dos curtas).<br \/>\n25\/09 \u2013 Domingo:<br \/>\n09h-13h: Finaliza\u00e7\u00e3o da pr\u00e9-produ\u00e7\u00e3o dos curtas.<br \/>\n14h-18h: Finaliza\u00e7\u00e3o da pr\u00e9-produ\u00e7\u00e3o dos curtas.<\/p>\n<p>01\/10 E 02\/10  \u2013 SEM AULAS<\/p>\n<p>SEMANA 7<br \/>\n08\/10 \u2013 S\u00e1bado:<br \/>\n09h-13h: Grava\u00e7\u00e3o dos Curtas.<br \/>\n14h-18h: Grava\u00e7\u00e3o dos Curtas.<br \/>\n09\/10 \u2013 Domingo:<br \/>\n09h-13h: Grava\u00e7\u00e3o dos Curtas.<br \/>\n14h-18h: Grava\u00e7\u00e3o dos Curtas.<\/p>\n<p>SEMANA 8<br \/>\n15\/10 \u2013 S\u00e1bado:<br \/>\n09h-13h: Edi\u00e7\u00e3o dos Curtas \/ Montagem.<br \/>\n14h-18h: Edi\u00e7\u00e3o dos Curtas \/ Montagem.<br \/>\n16\/10 \u2013 Domingo:<br \/>\n09h-13h: Edi\u00e7\u00e3o dos Curtas \/ Montagem.<br \/>\n14h-18h: Edi\u00e7\u00e3o dos Curtas \/ Supervis\u00e3o Dire\u00e7\u00e3o.<\/p>\n<p>SEMANA 9<br \/>\n22\/10 \u2013 S\u00e1bado:<br \/>\n09h-13h: Edi\u00e7\u00e3o dos Curtas \/ Edi\u00e7\u00e3o de Som.<br \/>\n14h-18h: Edi\u00e7\u00e3o dos Curtas \/ Finaliza\u00e7\u00e3o.<br \/>\n23\/10 \u2013 Domingo:<br \/>\n09h-13h: Edi\u00e7\u00e3o dos Curtas \/ Finaliza\u00e7\u00e3o.<br \/>\n14h-18h: Edi\u00e7\u00e3o dos Curtas \/ Finaliza\u00e7\u00e3o.<\/p>\n<p>29\/10 E 30\/10  \u2013 SEM AULAS<\/p>\n<p>Observa\u00e7\u00e3o:<br \/>\nAs aulas acontecem em per\u00edodo integral, de 9h a 18h, com intervalo entre 13h a 14h.<br \/>\nEvento de Conclus\u00e3o previsto para 05\/11, s\u00e1bado, no CEU Quinta do Sol.<\/p>\n<p>Aten\u00e7\u00e3o!<br \/>\nPara o bom aproveitamento do curso, os alunos devem comparecer a todas as aulas. O compromisso de assiduidade \u00e9 fundamental para os objetivos do projeto. Antes de fazer sua inscri\u00e7\u00e3o, veja se voc\u00ea estar\u00e1 dispon\u00edvel em todas as datas e hor\u00e1rios deste curso. <\/p>\n<p>5. ZONA NORTE<\/p>\n<p>In\u00edcio previsto para Setembro de 2016.<br \/>\nLocal e agenda: a definir.<\/p>\n","protected":false},"excerpt":{"rendered":"<p>H\u00e1 na capital paulista um curso gratuito sobre cinema voltado aos jovens. Trata-se do projeto &#8220;\u00c9 n\u00f3s na fita&#8221;, cuja proposta \u00e9 ajudar os amantes da s\u00e9tima arte a criar curtas. Ao longo de 2016, ser\u00e3o abertas cinco edi\u00e7\u00f5es do curso. S\u00e3o 25 vagas para cada oficina e a presen\u00e7a nas aulas \u00e9 obrigat\u00f3ria. Ao [&hellip;]<\/p>\n","protected":false},"author":2,"featured_media":28951,"comment_status":"open","ping_status":"closed","sticky":false,"template":"","format":"standard","meta":{"tdm_status":"","tdm_grid_status":"","footnotes":""},"categories":[22,351,370],"tags":[],"class_list":{"0":"post-82981","1":"post","2":"type-post","3":"status-publish","4":"format-standard","5":"has-post-thumbnail","7":"category-brasil","8":"category-cursos","9":"category-inscricao"},"_links":{"self":[{"href":"https:\/\/migracao.redenoticia.com.br\/noticia\/wp-json\/wp\/v2\/posts\/82981","targetHints":{"allow":["GET"]}}],"collection":[{"href":"https:\/\/migracao.redenoticia.com.br\/noticia\/wp-json\/wp\/v2\/posts"}],"about":[{"href":"https:\/\/migracao.redenoticia.com.br\/noticia\/wp-json\/wp\/v2\/types\/post"}],"author":[{"embeddable":true,"href":"https:\/\/migracao.redenoticia.com.br\/noticia\/wp-json\/wp\/v2\/users\/2"}],"replies":[{"embeddable":true,"href":"https:\/\/migracao.redenoticia.com.br\/noticia\/wp-json\/wp\/v2\/comments?post=82981"}],"version-history":[{"count":0,"href":"https:\/\/migracao.redenoticia.com.br\/noticia\/wp-json\/wp\/v2\/posts\/82981\/revisions"}],"wp:featuredmedia":[{"embeddable":true,"href":"https:\/\/migracao.redenoticia.com.br\/noticia\/wp-json\/wp\/v2\/media\/28951"}],"wp:attachment":[{"href":"https:\/\/migracao.redenoticia.com.br\/noticia\/wp-json\/wp\/v2\/media?parent=82981"}],"wp:term":[{"taxonomy":"category","embeddable":true,"href":"https:\/\/migracao.redenoticia.com.br\/noticia\/wp-json\/wp\/v2\/categories?post=82981"},{"taxonomy":"post_tag","embeddable":true,"href":"https:\/\/migracao.redenoticia.com.br\/noticia\/wp-json\/wp\/v2\/tags?post=82981"}],"curies":[{"name":"wp","href":"https:\/\/api.w.org\/{rel}","templated":true}]}}