{"id":82985,"date":"2016-03-24T10:31:17","date_gmt":"2016-03-24T13:31:17","guid":{"rendered":"http:\/\/www.redenoticia.com.br\/noticia\/?p=82985"},"modified":"2016-03-23T18:32:21","modified_gmt":"2016-03-23T21:32:21","slug":"fgv-indica-queda-no-ritmo-inflacionario","status":"publish","type":"post","link":"https:\/\/migracao.redenoticia.com.br\/noticia\/2016\/fgv-indica-queda-no-ritmo-inflacionario\/82985","title":{"rendered":"FGV indica queda no ritmo inflacion\u00e1rio"},"content":{"rendered":"<p> O <strong><em>\u00cdndice de Pre\u00e7os ao Consumidor Semanal<\/em><\/strong> (IPC-S) teve a terceira queda seguida no m\u00eas de mar\u00e7o ao apresentar varia\u00e7\u00e3o de 0,61% com recuo de 0,04 ponto percentual sobre a segunda pr\u00e9via do m\u00eas (0,65%). Tamb\u00e9m ficou abaixo do resultado da primeira pr\u00e9via (0,68%) e do fechamento de fevereiro (0,76%).<\/p>\n<p>O IPC-S \u00e9 calculado com base na varia\u00e7\u00e3o de pre\u00e7os de bens e servi\u00e7os, coletados no per\u00edodo quadrissemanal em Salvador, Recife, Rio de Janeiro, S\u00e3o Paulo, Belo Horizonte, Bras\u00edlia e Porto Alegre.<\/p>\n<p>A apura\u00e7\u00e3o \u00e9 feita pelo Instituto Brasileiro de Economia, da Funda\u00e7\u00e3o Getulio Vargas (Ibre\/FGV), e mostra que a infla\u00e7\u00e3o perdeu for\u00e7a em cinco dos oito grupos pesquisados. O grupo habita\u00e7\u00e3o foi o que mais contribuiu ao passar de 0,03% para 0,07%. Nessa classe de despesa, o \u00edtem de maior impacto foi o valor pago a empregados dom\u00e9sticos (de 1,12% para 0,74%.<\/p>\n<p>Em transportes, a taxa oscilou em 0,64% ante 0,79% sob o efeito do pre\u00e7o da gasolina (de 0,62% para 0,47%). Em comunica\u00e7\u00e3o, o \u00edndice passou de 1,2% para 0,98% com a varia\u00e7\u00e3o dos servi\u00e7os de telefonia fixa e internet baixando de 0,59% para 0,36%.<\/p>\n<p>No grupo vestu\u00e1rio, a taxa atingiu 0,36% ante 0,43%. O o principal motivo: roupas masculinas (de 0,67% para 0,41%). Em despesas diversas (de 1,89% para 1,88%) o resultado teve a contribui\u00e7\u00e3o do servi\u00e7o religioso e funer\u00e1rio (de 1,03% para 0,72%).<\/p>\n<p>No mesmo per\u00edodo, os pre\u00e7os subiram na m\u00e9dia nos grupos: alimenta\u00e7\u00e3o (de 1,14% para 1,20%); educa\u00e7\u00e3o, leitura e recrea\u00e7\u00e3o (de -0,01% para 0,14%) e sa\u00fade e cuidados pessoais (de 0,70% para 0,71%).<\/p>\n<p>Os cinco itens de maior press\u00e3o inflacion\u00e1ria foram: mam\u00e3o papaya (38,25%); cigarros (3,97%); refei\u00e7\u00f5es em bares e restaurantes (0,66%); planos e seguros de sa\u00fade (1,05%) e cenoura (27,21%). J\u00e1 os cinco que ajudaram a segurar o avan\u00e7o do \u00edndice foram: tarifa de eletricidade residencial (-3,26%); tomate (-12,4%); passagem a\u00e9rea (-8,86%); alcatra (-2,97%) e condom\u00ednio residencial (-0,33%).<\/p>\n<p>Marli Moreira \u2013 Rep\u00f3rter da Ag\u00eancia Brasil<br \/>\nEdi\u00e7\u00e3o: Kleber Sampaio<br \/>\n24\/03\/2016<\/p>\n","protected":false},"excerpt":{"rendered":"<p>O \u00cdndice de Pre\u00e7os ao Consumidor Semanal (IPC-S) teve a terceira queda seguida no m\u00eas de mar\u00e7o ao apresentar varia\u00e7\u00e3o de 0,61% com recuo de 0,04 ponto percentual sobre a segunda pr\u00e9via do m\u00eas (0,65%). Tamb\u00e9m ficou abaixo do resultado da primeira pr\u00e9via (0,68%) e do fechamento de fevereiro (0,76%). O IPC-S \u00e9 calculado com [&hellip;]<\/p>\n","protected":false},"author":2,"featured_media":57584,"comment_status":"open","ping_status":"closed","sticky":false,"template":"","format":"standard","meta":{"tdm_status":"","tdm_grid_status":"","footnotes":""},"categories":[22,7],"tags":[],"class_list":{"0":"post-82985","1":"post","2":"type-post","3":"status-publish","4":"format-standard","5":"has-post-thumbnail","7":"category-brasil","8":"category-economia"},"_links":{"self":[{"href":"https:\/\/migracao.redenoticia.com.br\/noticia\/wp-json\/wp\/v2\/posts\/82985","targetHints":{"allow":["GET"]}}],"collection":[{"href":"https:\/\/migracao.redenoticia.com.br\/noticia\/wp-json\/wp\/v2\/posts"}],"about":[{"href":"https:\/\/migracao.redenoticia.com.br\/noticia\/wp-json\/wp\/v2\/types\/post"}],"author":[{"embeddable":true,"href":"https:\/\/migracao.redenoticia.com.br\/noticia\/wp-json\/wp\/v2\/users\/2"}],"replies":[{"embeddable":true,"href":"https:\/\/migracao.redenoticia.com.br\/noticia\/wp-json\/wp\/v2\/comments?post=82985"}],"version-history":[{"count":0,"href":"https:\/\/migracao.redenoticia.com.br\/noticia\/wp-json\/wp\/v2\/posts\/82985\/revisions"}],"wp:featuredmedia":[{"embeddable":true,"href":"https:\/\/migracao.redenoticia.com.br\/noticia\/wp-json\/wp\/v2\/media\/57584"}],"wp:attachment":[{"href":"https:\/\/migracao.redenoticia.com.br\/noticia\/wp-json\/wp\/v2\/media?parent=82985"}],"wp:term":[{"taxonomy":"category","embeddable":true,"href":"https:\/\/migracao.redenoticia.com.br\/noticia\/wp-json\/wp\/v2\/categories?post=82985"},{"taxonomy":"post_tag","embeddable":true,"href":"https:\/\/migracao.redenoticia.com.br\/noticia\/wp-json\/wp\/v2\/tags?post=82985"}],"curies":[{"name":"wp","href":"https:\/\/api.w.org\/{rel}","templated":true}]}}