{"id":82987,"date":"2016-03-24T10:32:30","date_gmt":"2016-03-24T13:32:30","guid":{"rendered":"http:\/\/www.redenoticia.com.br\/noticia\/?p=82987"},"modified":"2016-03-23T18:33:42","modified_gmt":"2016-03-23T21:33:42","slug":"percentual-de-familias-inadimplentes-cresce-em-marco-mostra-pesquisa","status":"publish","type":"post","link":"https:\/\/migracao.redenoticia.com.br\/noticia\/2016\/percentual-de-familias-inadimplentes-cresce-em-marco-mostra-pesquisa\/82987","title":{"rendered":"Percentual de fam\u00edlias inadimplentes cresce em mar\u00e7o, mostra pesquisa"},"content":{"rendered":"<p> O percentual de <strong><em>fam\u00edlias inadimplentes<\/em><\/strong>, ou seja, com contas ou d\u00edvidas em atraso, cresceu em mar\u00e7o deste ano, chegando a 23,5%. A taxa \u00e9 superior \u00e0s observadas em fevereiro deste ano (23,3%) e em mar\u00e7o de 2015 (17,9%). Os dados da Pesquisa Nacional de Endividamento e Inadimpl\u00eancia do Consumidor (Peic) foram divulgados pela Confedera\u00e7\u00e3o Nacional do Com\u00e9rcio de Bens, Servi\u00e7os e Turismo (CNC).<\/p>\n<p>A parcela de fam\u00edlias endividadas, n\u00e3o necessariamente com contas ou d\u00edvidas em atraso, ficou em 60,3% em mar\u00e7o deste ano, abaixo dos 60,8% do m\u00eas anterior, mas ainda acima do patamar de mar\u00e7o de 2015 (59,6%).<\/p>\n<p>As fam\u00edlias que n\u00e3o ter\u00e3o condi\u00e7\u00f5es de pagar suas contas ou d\u00edvidas (8,3%) tamb\u00e9m diminu\u00edram em rela\u00e7\u00e3o a fevereiro (8,6%) e ficaram acima do patamar de mar\u00e7o do ano passado (6,2%).<\/p>\n<p>A maior parte das d\u00edvidas das fam\u00edlias \u00e9 com cart\u00e3o de cr\u00e9dito (77,3% delas). Tamb\u00e9m s\u00e3o instrumentos importantes de endividamento das fam\u00edlias os carn\u00eas (16,7%), os financiamentos de carro (12%) e os cr\u00e9ditos pessoais (10,8%). Em m\u00e9dia, o tempo de atraso do pagamento das d\u00edvidas \u00e9 de 62,6 dias.<\/p>\n<p>Vitor Abdala \u2013 Rep\u00f3rter da Ag\u00eancia Brasil<br \/>\nEdi\u00e7\u00e3o: Maria Claudia<br \/>\n24\/03\/2016<\/p>\n","protected":false},"excerpt":{"rendered":"<p>O percentual de fam\u00edlias inadimplentes, ou seja, com contas ou d\u00edvidas em atraso, cresceu em mar\u00e7o deste ano, chegando a 23,5%. A taxa \u00e9 superior \u00e0s observadas em fevereiro deste ano (23,3%) e em mar\u00e7o de 2015 (17,9%). Os dados da Pesquisa Nacional de Endividamento e Inadimpl\u00eancia do Consumidor (Peic) foram divulgados pela Confedera\u00e7\u00e3o Nacional [&hellip;]<\/p>\n","protected":false},"author":2,"featured_media":57585,"comment_status":"open","ping_status":"closed","sticky":false,"template":"","format":"standard","meta":{"tdm_status":"","tdm_grid_status":"","footnotes":""},"categories":[22,7],"tags":[],"class_list":{"0":"post-82987","1":"post","2":"type-post","3":"status-publish","4":"format-standard","5":"has-post-thumbnail","7":"category-brasil","8":"category-economia"},"_links":{"self":[{"href":"https:\/\/migracao.redenoticia.com.br\/noticia\/wp-json\/wp\/v2\/posts\/82987","targetHints":{"allow":["GET"]}}],"collection":[{"href":"https:\/\/migracao.redenoticia.com.br\/noticia\/wp-json\/wp\/v2\/posts"}],"about":[{"href":"https:\/\/migracao.redenoticia.com.br\/noticia\/wp-json\/wp\/v2\/types\/post"}],"author":[{"embeddable":true,"href":"https:\/\/migracao.redenoticia.com.br\/noticia\/wp-json\/wp\/v2\/users\/2"}],"replies":[{"embeddable":true,"href":"https:\/\/migracao.redenoticia.com.br\/noticia\/wp-json\/wp\/v2\/comments?post=82987"}],"version-history":[{"count":0,"href":"https:\/\/migracao.redenoticia.com.br\/noticia\/wp-json\/wp\/v2\/posts\/82987\/revisions"}],"wp:featuredmedia":[{"embeddable":true,"href":"https:\/\/migracao.redenoticia.com.br\/noticia\/wp-json\/wp\/v2\/media\/57585"}],"wp:attachment":[{"href":"https:\/\/migracao.redenoticia.com.br\/noticia\/wp-json\/wp\/v2\/media?parent=82987"}],"wp:term":[{"taxonomy":"category","embeddable":true,"href":"https:\/\/migracao.redenoticia.com.br\/noticia\/wp-json\/wp\/v2\/categories?post=82987"},{"taxonomy":"post_tag","embeddable":true,"href":"https:\/\/migracao.redenoticia.com.br\/noticia\/wp-json\/wp\/v2\/tags?post=82987"}],"curies":[{"name":"wp","href":"https:\/\/api.w.org\/{rel}","templated":true}]}}