{"id":82989,"date":"2016-03-24T10:33:47","date_gmt":"2016-03-24T13:33:47","guid":{"rendered":"http:\/\/www.redenoticia.com.br\/noticia\/?p=82989"},"modified":"2016-03-23T18:34:35","modified_gmt":"2016-03-23T21:34:35","slug":"contas-externas-tem-deficit-de-us-1919-bilhao","status":"publish","type":"post","link":"https:\/\/migracao.redenoticia.com.br\/noticia\/2016\/contas-externas-tem-deficit-de-us-1919-bilhao\/82989","title":{"rendered":"Contas externas t\u00eam d\u00e9ficit de US$ 1,919 bilh\u00e3o"},"content":{"rendered":"<p> As <strong><em>contas externas<\/em><\/strong> fecharam o m\u00eas de fevereiro com d\u00e9ficit de US$ 1,919 bilh\u00e3o, de acordo com dados do Banco Central (BC). \u00c9 o menor resultado desde agosto de 2009, quando o saldo ficou negativo em US$ 828,5 milh\u00f5es. A conta representa as transa\u00e7\u00f5es correntes, que s\u00e3o as compras e as vendas de mercadorias e servi\u00e7os e transfer\u00eancias de renda do pa\u00eds com outras na\u00e7\u00f5es.<\/p>\n<p>No balan\u00e7o das transa\u00e7\u00f5es correntes, a conta de renda prim\u00e1ria (lucros e dividendos, pagamentos de juros e sal\u00e1rios) foi a que apresentou o maior saldo negativo, no m\u00eas passado: US$ 3,137 bilh\u00f5es, com aumento de 111,3% se comparado com o mesmo m\u00eas de 2015. A conta de servi\u00e7os (viagens internacionais, transportes, aluguel de equipamentos e seguros, entre outros) contribuiu para o resultado negativo com US$ 1,926 bilh\u00e3o.<\/p>\n<p> A conta de renda secund\u00e1ria (renda gerada em uma economia e distribu\u00edda para outra como doa\u00e7\u00f5es e remessas de d\u00f3lares sem contrapartida de servi\u00e7os ou bens) apresentou resultado positivo de US$ 275 milh\u00f5es.<\/p>\n<p>Super\u00e1vit<\/p>\n<p>A balan\u00e7a comercial foi a que mais contribuiu para reduzir o d\u00e9ficit das contas externas ao apresentar super\u00e1vit de US$ 2,869 bilh\u00f5es. Mesmo assim, o pa\u00eds gastou al\u00e9m de sua renda. Quando isso acontece, \u00e9 preciso financiar esse resultado negativo com investimentos estrangeiros ou tomar dinheiro emprestado no exterior.<\/p>\n<p>O investimento direto no pa\u00eds (IDP), recursos que entram no Brasil e v\u00e3o para o setor produtivo da economia, \u00e9 considerado a melhor forma de financiar por ser de longo prazo. No m\u00eas passado, o IDP chegou a US$ 5,920 bilh\u00f5es e foi mais que suficiente para cobrir todo o d\u00e9ficit em transa\u00e7\u00f5es correntes. Em janeiro de 2015, esses investimentos chegaram a US$ 3,121 bilh\u00f5es.<\/p>\n<p>Daniel Lima &#8211; Rep\u00f3rter da Ag\u00eancia Brasil<br \/>\nEdi\u00e7\u00e3o: Kleber Sampaio<br \/>\n24\/03\/2016<\/p>\n","protected":false},"excerpt":{"rendered":"<p>As contas externas fecharam o m\u00eas de fevereiro com d\u00e9ficit de US$ 1,919 bilh\u00e3o, de acordo com dados do Banco Central (BC). \u00c9 o menor resultado desde agosto de 2009, quando o saldo ficou negativo em US$ 828,5 milh\u00f5es. A conta representa as transa\u00e7\u00f5es correntes, que s\u00e3o as compras e as vendas de mercadorias e [&hellip;]<\/p>\n","protected":false},"author":2,"featured_media":40734,"comment_status":"open","ping_status":"closed","sticky":false,"template":"","format":"standard","meta":{"tdm_status":"","tdm_grid_status":"","footnotes":""},"categories":[22,7],"tags":[],"class_list":{"0":"post-82989","1":"post","2":"type-post","3":"status-publish","4":"format-standard","5":"has-post-thumbnail","7":"category-brasil","8":"category-economia"},"_links":{"self":[{"href":"https:\/\/migracao.redenoticia.com.br\/noticia\/wp-json\/wp\/v2\/posts\/82989","targetHints":{"allow":["GET"]}}],"collection":[{"href":"https:\/\/migracao.redenoticia.com.br\/noticia\/wp-json\/wp\/v2\/posts"}],"about":[{"href":"https:\/\/migracao.redenoticia.com.br\/noticia\/wp-json\/wp\/v2\/types\/post"}],"author":[{"embeddable":true,"href":"https:\/\/migracao.redenoticia.com.br\/noticia\/wp-json\/wp\/v2\/users\/2"}],"replies":[{"embeddable":true,"href":"https:\/\/migracao.redenoticia.com.br\/noticia\/wp-json\/wp\/v2\/comments?post=82989"}],"version-history":[{"count":0,"href":"https:\/\/migracao.redenoticia.com.br\/noticia\/wp-json\/wp\/v2\/posts\/82989\/revisions"}],"wp:featuredmedia":[{"embeddable":true,"href":"https:\/\/migracao.redenoticia.com.br\/noticia\/wp-json\/wp\/v2\/media\/40734"}],"wp:attachment":[{"href":"https:\/\/migracao.redenoticia.com.br\/noticia\/wp-json\/wp\/v2\/media?parent=82989"}],"wp:term":[{"taxonomy":"category","embeddable":true,"href":"https:\/\/migracao.redenoticia.com.br\/noticia\/wp-json\/wp\/v2\/categories?post=82989"},{"taxonomy":"post_tag","embeddable":true,"href":"https:\/\/migracao.redenoticia.com.br\/noticia\/wp-json\/wp\/v2\/tags?post=82989"}],"curies":[{"name":"wp","href":"https:\/\/api.w.org\/{rel}","templated":true}]}}