{"id":82999,"date":"2016-03-24T16:47:29","date_gmt":"2016-03-24T19:47:29","guid":{"rendered":"http:\/\/www.redenoticia.com.br\/noticia\/?p=82999"},"modified":"2016-03-24T16:47:29","modified_gmt":"2016-03-24T19:47:29","slug":"novela-velho-chico-resumo-2503-leonor-morre-apos-o-nascimento-de-martim","status":"publish","type":"post","link":"https:\/\/migracao.redenoticia.com.br\/noticia\/2016\/novela-velho-chico-resumo-2503-leonor-morre-apos-o-nascimento-de-martim\/82999","title":{"rendered":"Novela \u201cVelho Chico\u201d resumo 25\/03: Leonor morre ap\u00f3s o nascimento de Martim"},"content":{"rendered":"<p><img loading=\"lazy\" decoding=\"async\" class=\"alignleft size-thumbnail wp-image-82169\" src=\"https:\/\/migracao.redenoticia.com.br\/noticia\/imagens\/velho_chico_novela_resumo_globo-150x112.jpg\" alt=\"velho_chico_novela_resumo_globo\" width=\"150\" height=\"112\" srcset=\"https:\/\/migracao.redenoticia.com.br\/noticia\/imagens\/velho_chico_novela_resumo_globo-150x112.jpg 150w, https:\/\/migracao.redenoticia.com.br\/noticia\/imagens\/velho_chico_novela_resumo_globo-265x198.jpg 265w\" sizes=\"auto, (max-width: 150px) 100vw, 150px\" \/><strong><em>Novela \u201cVelho Chico\u201d resumo 25\/03<\/em><\/strong>: depois de um parto muito dif\u00edcil, Leonor d\u00e1 a luz a sua primeira filha, Maria Teresa. O m\u00e9dico aconselha que ela n\u00e3o engravide mais, pois pode morrer. H\u00e1 uma passagem de tempo e Tereza brinca com C\u00edcero, filho de Clemente e Doninha. Bom de briga e de mira como o pai, C\u00edcero cresce solto pela fazenda, e se torna protetor e fiel guardi\u00e3o de Teresa. Enquanto isso, Afr\u00e2nio \u00e9 hostil com Leonor e, para agrad\u00e1-lo, engravida novamente. Na hora do parto, Leonor sente fortes contra\u00e7\u00f5es. Encarna\u00e7\u00e3o e Afr\u00e2nio se preocupam. Martim nasce, mas n\u00e3o resiste ao parto do filho. Padre Rom\u00e3o estranha quando Encarna\u00e7\u00e3o compara o filho de Afr\u00e2nio ao finado In\u00e1cio.<\/p>\n<p>No capitulo 011 (*), novela \u201cVelho Chico\u201d, sexta-feira, 25 de mar\u00e7o \u2013 Tereza reclama de Encarna\u00e7\u00e3o e Leonor acalma o cora\u00e7\u00e3o da filha. Tereza e C\u00edcero se assustam ao invadir a capela da fazenda. Leonor sente fortes contra\u00e7\u00f5es e Encarna\u00e7\u00e3o e Afr\u00e2nio se preocupam. <\/p>\n<p>Leonor d\u00e1 \u00e0 luz Martim, mas n\u00e3o resiste ao parto do filho. Tereza se desespera com a morte da m\u00e3e. Padre Rom\u00e3o estranha quando Encarna\u00e7\u00e3o compara o filho de Afr\u00e2nio ao finado In\u00e1cio. <\/p>\n<p>Piedade tranquiliza Bento, que sofre com o susto que passou no rio. Belmiro pede que Santo cuide de Bento e Piedade. Afr\u00e2nio conversa com Clemente sobre a morte de Leonor. <\/p>\n<p>(*) edi\u00e7\u00e3o da Rede Globo, Novela \u201cVelho Chico\u201d, sujeito a altera\u00e7\u00e3o de data e conte\u00fado. <\/p>\n","protected":false},"excerpt":{"rendered":"<p>Novela \u201cVelho Chico\u201d resumo 25\/03: depois de um parto muito dif\u00edcil, Leonor d\u00e1 a luz a sua primeira filha, Maria Teresa. O m\u00e9dico aconselha que ela n\u00e3o engravide mais, pois pode morrer. H\u00e1 uma passagem de tempo e Tereza brinca com C\u00edcero, filho de Clemente e Doninha. Bom de briga e de mira como o [&hellip;]<\/p>\n","protected":false},"author":2,"featured_media":82169,"comment_status":"open","ping_status":"closed","sticky":false,"template":"","format":"standard","meta":{"tdm_status":"","tdm_grid_status":"","footnotes":""},"categories":[379,375,343],"tags":[],"class_list":{"0":"post-82999","1":"post","2":"type-post","3":"status-publish","4":"format-standard","5":"has-post-thumbnail","7":"category-novelas","8":"category-rede-globo","9":"category-televisao"},"_links":{"self":[{"href":"https:\/\/migracao.redenoticia.com.br\/noticia\/wp-json\/wp\/v2\/posts\/82999","targetHints":{"allow":["GET"]}}],"collection":[{"href":"https:\/\/migracao.redenoticia.com.br\/noticia\/wp-json\/wp\/v2\/posts"}],"about":[{"href":"https:\/\/migracao.redenoticia.com.br\/noticia\/wp-json\/wp\/v2\/types\/post"}],"author":[{"embeddable":true,"href":"https:\/\/migracao.redenoticia.com.br\/noticia\/wp-json\/wp\/v2\/users\/2"}],"replies":[{"embeddable":true,"href":"https:\/\/migracao.redenoticia.com.br\/noticia\/wp-json\/wp\/v2\/comments?post=82999"}],"version-history":[{"count":0,"href":"https:\/\/migracao.redenoticia.com.br\/noticia\/wp-json\/wp\/v2\/posts\/82999\/revisions"}],"wp:featuredmedia":[{"embeddable":true,"href":"https:\/\/migracao.redenoticia.com.br\/noticia\/wp-json\/wp\/v2\/media\/82169"}],"wp:attachment":[{"href":"https:\/\/migracao.redenoticia.com.br\/noticia\/wp-json\/wp\/v2\/media?parent=82999"}],"wp:term":[{"taxonomy":"category","embeddable":true,"href":"https:\/\/migracao.redenoticia.com.br\/noticia\/wp-json\/wp\/v2\/categories?post=82999"},{"taxonomy":"post_tag","embeddable":true,"href":"https:\/\/migracao.redenoticia.com.br\/noticia\/wp-json\/wp\/v2\/tags?post=82999"}],"curies":[{"name":"wp","href":"https:\/\/api.w.org\/{rel}","templated":true}]}}