{"id":83,"date":"2009-04-03T01:20:00","date_gmt":"2009-04-03T04:20:00","guid":{"rendered":"http:\/\/www.redenoticia.com.br\/noticia\/?p=83"},"modified":"2009-04-10T00:48:31","modified_gmt":"2009-04-10T03:48:31","slug":"professores-querem-greve","status":"publish","type":"post","link":"https:\/\/migracao.redenoticia.com.br\/noticia\/2009\/professores-querem-greve\/83","title":{"rendered":"Professores querem greve"},"content":{"rendered":"<p><img loading=\"lazy\" decoding=\"async\" class=\"alignleft\" src=\"http:\/\/farm4.static.flickr.com\/3638\/3408798188_0a0e9f35ef_m.jpg\" alt=\"\" width=\"240\" height=\"180\" \/>A Confedera\u00e7\u00e3o<br \/>\nNacional dos Trabalhadores em Educa\u00e7\u00e3o (CNTE) decide<br \/>\namanh\u00e3 (3) quando ter\u00e1 in\u00edcio a greve nacional<br \/>\ndos professores pela aplica\u00e7\u00e3o da lei do piso do<br \/>\nmagist\u00e9rio.<\/p>\n<p>Hoje, representantes de sindicatos da categoria de<br \/>\ntodo o pa\u00eds se reuniram para uma manifesta\u00e7\u00e3o em<br \/>\nfrente ao Supremo Tribunal Federal (STF). A corte interrompeu, em<br \/>\ndezembro, o julgamento de uma a\u00e7\u00e3o proposta por<br \/>\ngovernadores de cinco estados que questiona a constitucionalidade da<br \/>\nlei. At\u00e9 agora, o tribunal negou um pedido de liminar que<br \/>\nsolicitava a suspens\u00e3o da lei, mas ainda n\u00e3o avaliou o<br \/>\nm\u00e9rito da quest\u00e3o.<\/p>\n<p>A lei do piso tramitou<br \/>\npor 13 meses no Congresso Nacional e foi sancionada em julho de<br \/>\n2008. Ela determina que, a partir de 2010, nenhum professor da rede<br \/>\np\u00fablica receba menos de R$ 950 por uma carga-hor\u00e1ria de<br \/>\n40 horas semanais.<\/p>\n<p>&#8220;N\u00f3s queremos<br \/>\nsensibilizar os ministros para que eles apreciem o m\u00e9rito da<br \/>\na\u00e7\u00e3o. Em dezembro eles mudaram dois artigos importantes<br \/>\npara n\u00f3s que \u00e9 o que estabelece o conceito de piso e o<br \/>\nque trata da jornada de trabalho. A lei como foi aprovada no<br \/>\nCongresso Nacional por unanimidade \u00e9 um consenso, eles n\u00e3o<br \/>\npodem ser contra isso&#8221;, argumenta o presidente da CNTE, Roberto Le\u00e3o.<\/p>\n<p class=\"western\">A lei aprovada pelo<br \/>\nCongresso Nacional estabelece que os sal\u00e1rios devem ser<br \/>\nreajustados progressivamente at\u00e9 2010. Em dezembro, o STF<br \/>\nentendeu que as secretarias estaduais de Educa\u00e7\u00e3o podem incluir nesse valor as<br \/>\ngratifica\u00e7\u00f5es que j\u00e1 s\u00e3o pagas aos<br \/>\nprofessores at\u00e9 que o m\u00e9rito da a\u00e7\u00e3o seja<br \/>\njulgado.<\/p>\n<p class=\"western\">&#8220;Isso \u00e9 ruim e<br \/>\nvai na contram\u00e3o do debate de valoriza\u00e7\u00e3o da<br \/>\neduca\u00e7\u00e3o p\u00fablica. Se um professor se aposenta<br \/>\nnesse per\u00edodo ganhando um piso composto por gratifica\u00e7\u00e3o,<br \/>\nele n\u00e3o leva essa parte para a aposentadoria&#8221;,<br \/>\ndiz Le\u00e3o.<\/p>\n<p class=\"western\">Segundo o presidente da CNTE, por causa da demora de uma decis\u00e3o do STF, alguns estados<br \/>\nest\u00e3o pagando menos do que o estabelecido pela lei. &#8220;Sergipe,<br \/>\nRio Grande do Sul e Goi\u00e1s n\u00e3o pagam, s\u00e3o tr\u00eas<br \/>\ngrandes estados. Eles pagam do jeito que eles entendem que \u00e9 o<br \/>\npiso. O julgamento \u00e9 importante para uniformizar, porque nessa<br \/>\nsitua\u00e7\u00e3o muito prefeito e governador oportunista quer<br \/>\nfazer economia em cima da educa\u00e7\u00e3o p\u00fablica&#8221;,<br \/>\ndiz.<\/p>\n<p class=\"western\">A secret\u00e1ria de<br \/>\nEduca\u00e7\u00e3o do Rio Grande do Sul, Mariza Abreu, disse<br \/>\nhoje (2) em entrevista \u00e0 <strong>R\u00e1dio Nacional<\/strong> que a posi\u00e7\u00e3o<br \/>\ncontr\u00e1ria \u00e0 lei aprovada no Congresso n\u00e3o \u00e9<br \/>\napenas do governo ga\u00facho, mas uma unanimidade entre os<br \/>\nsecret\u00e1rios da educa\u00e7\u00e3o.<\/p>\n<p class=\"western\">&#8220;A a\u00e7\u00e3o<br \/>\nn\u00e3o \u00e9 contra um piso nacional, n\u00f3s somos<br \/>\nabsolutamente defensores de um piso nacional do magist\u00e9rio. O<br \/>\nproblema foram as modifica\u00e7\u00f5es feitas pelo Congresso<br \/>\nNacional ao projeto original encaminhado pelo Executivo. Essa nova<br \/>\nlei transforma piso em vencimento inicial, o que s\u00e3o coisas<br \/>\ncompletamente diferentes&#8221;, argumenta.<\/p>\n<p class=\"western\">A secret\u00e1ria<br \/>\nacredita que, como est\u00e1, a lei federal \u00e9 confusa e<br \/>\ninterfere na autonomia dos estados. &#8220;Se o piso for vencimento<br \/>\ninicial das carreiras significa que a cada vez que esse valor for<br \/>\nreajustado em \u00e2mbito federal, todas as folhas de pagamento de<br \/>\ntodos os professores do pa\u00eds seriam reajustas no m\u00eas<br \/>\nseguinte. Isso seria um desrespeito \u00e0 autonomia dos estados<br \/>\nfederados&#8221;, afirma Mariza.<\/p>\n<p class=\"western\">\u00a0<\/p>\n<p class=\"western\">Amanda Cieglinski<\/p>\n","protected":false},"excerpt":{"rendered":"<p>A Confedera\u00e7\u00e3o Nacional dos Trabalhadores em Educa\u00e7\u00e3o (CNTE) decide amanh\u00e3 (3) quando ter\u00e1 in\u00edcio a greve nacional dos professores pela aplica\u00e7\u00e3o da lei do piso do magist\u00e9rio. Hoje, representantes de sindicatos da categoria de todo o pa\u00eds se reuniram para uma manifesta\u00e7\u00e3o em frente ao Supremo Tribunal Federal (STF). A corte interrompeu, em dezembro, o [&hellip;]<\/p>\n","protected":false},"author":2,"featured_media":0,"comment_status":"open","ping_status":"open","sticky":false,"template":"","format":"standard","meta":{"tdm_status":"","tdm_grid_status":"","footnotes":""},"categories":[22],"tags":[],"class_list":{"0":"post-83","1":"post","2":"type-post","3":"status-publish","4":"format-standard","6":"category-brasil"},"_links":{"self":[{"href":"https:\/\/migracao.redenoticia.com.br\/noticia\/wp-json\/wp\/v2\/posts\/83","targetHints":{"allow":["GET"]}}],"collection":[{"href":"https:\/\/migracao.redenoticia.com.br\/noticia\/wp-json\/wp\/v2\/posts"}],"about":[{"href":"https:\/\/migracao.redenoticia.com.br\/noticia\/wp-json\/wp\/v2\/types\/post"}],"author":[{"embeddable":true,"href":"https:\/\/migracao.redenoticia.com.br\/noticia\/wp-json\/wp\/v2\/users\/2"}],"replies":[{"embeddable":true,"href":"https:\/\/migracao.redenoticia.com.br\/noticia\/wp-json\/wp\/v2\/comments?post=83"}],"version-history":[{"count":0,"href":"https:\/\/migracao.redenoticia.com.br\/noticia\/wp-json\/wp\/v2\/posts\/83\/revisions"}],"wp:attachment":[{"href":"https:\/\/migracao.redenoticia.com.br\/noticia\/wp-json\/wp\/v2\/media?parent=83"}],"wp:term":[{"taxonomy":"category","embeddable":true,"href":"https:\/\/migracao.redenoticia.com.br\/noticia\/wp-json\/wp\/v2\/categories?post=83"},{"taxonomy":"post_tag","embeddable":true,"href":"https:\/\/migracao.redenoticia.com.br\/noticia\/wp-json\/wp\/v2\/tags?post=83"}],"curies":[{"name":"wp","href":"https:\/\/api.w.org\/{rel}","templated":true}]}}