{"id":83012,"date":"2016-03-24T15:34:37","date_gmt":"2016-03-24T18:34:37","guid":{"rendered":"http:\/\/www.redenoticia.com.br\/noticia\/?p=83012"},"modified":"2016-03-24T15:34:37","modified_gmt":"2016-03-24T18:34:37","slug":"novela-meu-coracao-e-teu-resumo-2503-ana-conhece-diego","status":"publish","type":"post","link":"https:\/\/migracao.redenoticia.com.br\/noticia\/2016\/novela-meu-coracao-e-teu-resumo-2503-ana-conhece-diego\/83012","title":{"rendered":"Novela \u201cMeu Cora\u00e7\u00e3o \u00e9 Teu\u201d resumo 25\/03: Ana conhece Diego"},"content":{"rendered":"<p> <img loading=\"lazy\" decoding=\"async\" src=\"https:\/\/migracao.redenoticia.com.br\/noticia\/imagens\/meu_coracao_e_teu_novela_resumo_sbt-150x112.jpg\" alt=\"meu_coracao_e_teu_novela_resumo_sbt\" width=\"150\" height=\"112\" class=\"alignleft size-thumbnail wp-image-82119\" srcset=\"https:\/\/migracao.redenoticia.com.br\/noticia\/imagens\/meu_coracao_e_teu_novela_resumo_sbt-150x112.jpg 150w, https:\/\/migracao.redenoticia.com.br\/noticia\/imagens\/meu_coracao_e_teu_novela_resumo_sbt-265x198.jpg 265w\" sizes=\"auto, (max-width: 150px) 100vw, 150px\" \/><strong><em>Novela \u201cMeu Cora\u00e7\u00e3o \u00e9 Teu\u201d resumo 25\/03<\/em><\/strong>: tentando ganhar a simpatia de todos da fam\u00edlia Lascurain, Isabela pede a Ana que elas sejam no m\u00ednimo tolerantes e cordiais. Ana diz que n\u00e3o confia nela. Isabela tamb\u00e9m pede a Fanny que a aceite e a ajude com seus irm\u00e3os, mas a garota recusa. Isabela \u00e9 recebida pelas crian\u00e7as com muitas travessuras. Ela n\u00e3o as suporta, mas dissimula.  Isabela pede a Fernando para fazer uma festa, pelo compromisso que assumiram. A muito contragosto, ele lhe d\u00e1 um cart\u00e3o de cr\u00e9dito para que pague todas as despesas do evento. Fernando fala para Ana que vai fazer uma festa de compromisso para ele e Isabela, e pede a ela que converse com as crian\u00e7as para evitar qualquer travessura. Ana fala com as crian\u00e7as. Mais tarde, Ana conhece Diego e ele se interessa por ela.<\/p>\n<p>No cap\u00edtulo 020 (*), novela \u201cMeu Cora\u00e7\u00e3o \u00e9 Teu\u201d, sexta-feira, 25 de mar\u00e7o \u2013 Isabela pede a Ana que sejam no m\u00ednimo tolerantes e cordiais. Ana diz que n\u00e3o confia nela. Nicolas fala com Jennifer sobre o que est\u00e1 sentindo, mas ela est\u00e1 estranha com ele. Jonnhy vai ver Ana e se encontra com Manuela. Isabela pede a Fanny que a aceite e a ajude com seus irm\u00e3os, ela recusa. Fernando pergunta a Nicolas sobre seu irm\u00e3o Diego. Isabela \u00e9 recebida pelas crian\u00e7as com muitas travessuras. Ela n\u00e3o as suporta, mas dissimula. Jonnhy pede a Ana outra oportunidade, mas ela o nega. Jonnhy tenta beijar Ana a for\u00e7a, mas Fernando v\u00ea e o impede, demonstrando ci\u00fames. Helena beija Nando e ele a corresponde. <\/p>\n<p>Isabela pede a Fernando que fa\u00e7am uma festa pelo compromisso que assumiram. Fernando, a contragosto, d\u00e1 um cart\u00e3o de cr\u00e9dito para que ela pague todas as despesas do evento. Fanny fala com Ana e a pede que lute por seu pai, e que assim ela consiga evitar esse casamento. Ana se nega e Fanny a explica o que sente. Fernando pede a Bruno e Manuela que se coloquem \u00e0s ordens de Isabela para ajud\u00e1-la na festa. Eles n\u00e3o recebem a not\u00edcia com alegria. Isabela conta as not\u00edcias sobre a festa para Yolanda, e ela fica feliz. Nando conversa com Fernando sobre sua rela\u00e7\u00e3o com Helena. <\/p>\n<p>Nando pergunta a Fernando porque ele se distanciou de seu irm\u00e3o. Fernando fica sem saber o que responder. Jennifer pergunta ao doutor sobre os resultados de seus exames, ele responde que ainda faltam alguns dias para os resultados chegarem. Fernando informa Ana que ir\u00e3o fazer uma festa de compromisso para ele e Isabela, e pede a ela que converse com as crian\u00e7as para evitar assim qualquer travessura. Ana fala com as crian\u00e7as. Isabela e Yolanda passam horas procurando um vestido para a festa. Ana volta a casa dos Lascurain depois de dan\u00e7ar no \u201cChicago\u201d. Ela d\u00e1 de cara com Diego Lascurain, irm\u00e3o de Fernando, e pensa que ele \u00e9 um ladr\u00e3o. Ele rapidamente a explica quem \u00e9 e Ana se desculpa, envergonhada. Diego nota uma tens\u00e3o entre Ana e Fernando. Diego se interessa por Ana. Fanny e Leon fazem amor. Fanny fica feliz pelo momento maravilhoso que viveu e conta tudo a Ana. <\/p>\n<p>(*) edi\u00e7\u00e3o do SBT, Novela \u201cMeu Cora\u00e7\u00e3o \u00e9 Teu\u201d, sujeito a altera\u00e7\u00e3o de data e conte\u00fado.<\/p>\n","protected":false},"excerpt":{"rendered":"<p>Novela \u201cMeu Cora\u00e7\u00e3o \u00e9 Teu\u201d resumo 25\/03: tentando ganhar a simpatia de todos da fam\u00edlia Lascurain, Isabela pede a Ana que elas sejam no m\u00ednimo tolerantes e cordiais. Ana diz que n\u00e3o confia nela. Isabela tamb\u00e9m pede a Fanny que a aceite e a ajude com seus irm\u00e3os, mas a garota recusa. Isabela \u00e9 recebida [&hellip;]<\/p>\n","protected":false},"author":2,"featured_media":82119,"comment_status":"open","ping_status":"closed","sticky":false,"template":"","format":"standard","meta":{"tdm_status":"","tdm_grid_status":"","footnotes":""},"categories":[379,372,343],"tags":[],"class_list":{"0":"post-83012","1":"post","2":"type-post","3":"status-publish","4":"format-standard","5":"has-post-thumbnail","7":"category-novelas","8":"category-sbt","9":"category-televisao"},"_links":{"self":[{"href":"https:\/\/migracao.redenoticia.com.br\/noticia\/wp-json\/wp\/v2\/posts\/83012","targetHints":{"allow":["GET"]}}],"collection":[{"href":"https:\/\/migracao.redenoticia.com.br\/noticia\/wp-json\/wp\/v2\/posts"}],"about":[{"href":"https:\/\/migracao.redenoticia.com.br\/noticia\/wp-json\/wp\/v2\/types\/post"}],"author":[{"embeddable":true,"href":"https:\/\/migracao.redenoticia.com.br\/noticia\/wp-json\/wp\/v2\/users\/2"}],"replies":[{"embeddable":true,"href":"https:\/\/migracao.redenoticia.com.br\/noticia\/wp-json\/wp\/v2\/comments?post=83012"}],"version-history":[{"count":0,"href":"https:\/\/migracao.redenoticia.com.br\/noticia\/wp-json\/wp\/v2\/posts\/83012\/revisions"}],"wp:featuredmedia":[{"embeddable":true,"href":"https:\/\/migracao.redenoticia.com.br\/noticia\/wp-json\/wp\/v2\/media\/82119"}],"wp:attachment":[{"href":"https:\/\/migracao.redenoticia.com.br\/noticia\/wp-json\/wp\/v2\/media?parent=83012"}],"wp:term":[{"taxonomy":"category","embeddable":true,"href":"https:\/\/migracao.redenoticia.com.br\/noticia\/wp-json\/wp\/v2\/categories?post=83012"},{"taxonomy":"post_tag","embeddable":true,"href":"https:\/\/migracao.redenoticia.com.br\/noticia\/wp-json\/wp\/v2\/tags?post=83012"}],"curies":[{"name":"wp","href":"https:\/\/api.w.org\/{rel}","templated":true}]}}