{"id":83022,"date":"2016-03-24T16:25:02","date_gmt":"2016-03-24T19:25:02","guid":{"rendered":"http:\/\/www.redenoticia.com.br\/noticia\/?p=83022"},"modified":"2016-03-25T16:18:32","modified_gmt":"2016-03-25T19:18:32","slug":"novela-chamas-da-vida-resumo-2503-margareth-quer-morar-com-demoro","status":"publish","type":"post","link":"https:\/\/migracao.redenoticia.com.br\/noticia\/2016\/novela-chamas-da-vida-resumo-2503-margareth-quer-morar-com-demoro\/83022","title":{"rendered":"Novela \u201cChamas da Vida\u201d resumo 28\/03: Margareth quer morar com Demor\u00f4"},"content":{"rendered":"<p> <img loading=\"lazy\" decoding=\"async\" src=\"https:\/\/migracao.redenoticia.com.br\/noticia\/imagens\/chamas_da_vida_resumo_novela-150x112.jpeg\" alt=\"chamas_da_vida_resumo_novela\" width=\"150\" height=\"112\" class=\"alignleft size-thumbnail wp-image-82020\" \/><strong><em>Novela \u201cChamas da Vida\u201d resumo 28\/03<\/em><\/strong>: Margareth fala com o filho e ele diz que achava que ela estava morta. Eles falam como se afastaram e como o padrasto dele inventou as hist\u00f3rias que os separou. Els se abra\u00e7am e Andressa sente ci\u00fame. Margareth avisa que quer o filho de volta e que eles v\u00e3o morar juntos. Andressa diz que Demor\u00f4 \u00e9 quem vai decidir. <\/p>\n<p>No capitulo 105 (*), novela \u201cChamas da Vida\u201d, segunda-feira, 28 de mar\u00e7o \u2013 Demoro diz que pensava que Margareth tivesse morrido. Margareth diz que o culpado foi o padrasto. Ele disse que Demor\u00f4 tinha morrido e ela acreditou. Margareth abra\u00e7a Demoro. Arlete diz que adorou ter ido \u00e0 feijoada e diz que n\u00e3o tem medo de Ivonete nem de Vilma. Carolina liga para Arlete. Ivonete diz para Suelen que Pedro vai voltar para ela. Suelen diz que Carolina est\u00e1 fora, mas Michele anda a rondar Pedro. Vivi diz a Pedro que quando melhorar quer dar uma palestra sobre seguran\u00e7a na internet. <\/p>\n<p>Demoro diz que saiu de casa porque o padrasto lhe batia e por isso foi morar com outros garotos num viaduto. Andressa fica com ci\u00fames de Demor\u00f4 com Margareth e diz a Margareth que n\u00e3o pretende abrir m\u00e3o de Demor\u00f4. Andressa diz que fez tudo por Demor\u00f4. Margareth diz que Demoro vai morar com ela. Andressa diz que Demor\u00f4 \u00e9 quem vai decidir. Lourdes d\u00e1 um presente a Ivonete: uma manta de crian\u00e7a. Ivonete emociona-se, mas disfar\u00e7a. Vilma diz a Tom\u00e1s que ela j\u00e1 pode internar Beatriz. Tom\u00e1s pergunta se ela a vai mesmo internar sem pedir autoriza\u00e7\u00e3o do juiz. Ela diz que j\u00e1 pagou e a cl\u00ednica n\u00e3o \u00e9 legalizada. <\/p>\n<p>Arlete arranja-se para o primeiro dia de trabalho. Ela diz a Gildete que o seu primeiro dia de trabalho vai ser inesquec\u00edvel. Vilma conta a Guga que Beatriz vai ser internada. Guga diz que \u00e9 um absurdo. Michele diz a Brito que perdeu a confian\u00e7a em Guilherme. Brito diz que Guilherme est\u00e1 confuso. Washington conta a Manu que Leo confirmou estar a ajudar Ant\u00f4nio na fugir. Manu diz que Ant\u00f4nio tem que pagar pelo que fez com o pai dela. Igor, o detective de Vilma, conta que Pedro tem uma tia, chamada Mercedes, que est\u00e1 com d\u00edvidas. Vilma diz a Igor para descobrir por que ela se afastou da fam\u00edlia de Pedro. Docinho diz a Andressa e a Demor\u00f4 que vai voltar para It\u00e1lia. <\/p>\n<p>(*) edi\u00e7\u00e3o da Rede Record, Novela \u201cChamas da Vida\u201d, sujeito a altera\u00e7\u00e3o de data e conte\u00fado.<\/p>\n","protected":false},"excerpt":{"rendered":"<p>Novela \u201cChamas da Vida\u201d resumo 28\/03: Margareth fala com o filho e ele diz que achava que ela estava morta. Eles falam como se afastaram e como o padrasto dele inventou as hist\u00f3rias que os separou. Els se abra\u00e7am e Andressa sente ci\u00fame. Margareth avisa que quer o filho de volta e que eles v\u00e3o [&hellip;]<\/p>\n","protected":false},"author":2,"featured_media":82020,"comment_status":"open","ping_status":"closed","sticky":false,"template":"","format":"standard","meta":{"tdm_status":"","tdm_grid_status":"","footnotes":""},"categories":[379,371,343],"tags":[],"class_list":{"0":"post-83022","1":"post","2":"type-post","3":"status-publish","4":"format-standard","5":"has-post-thumbnail","7":"category-novelas","8":"category-rede-record","9":"category-televisao"},"_links":{"self":[{"href":"https:\/\/migracao.redenoticia.com.br\/noticia\/wp-json\/wp\/v2\/posts\/83022","targetHints":{"allow":["GET"]}}],"collection":[{"href":"https:\/\/migracao.redenoticia.com.br\/noticia\/wp-json\/wp\/v2\/posts"}],"about":[{"href":"https:\/\/migracao.redenoticia.com.br\/noticia\/wp-json\/wp\/v2\/types\/post"}],"author":[{"embeddable":true,"href":"https:\/\/migracao.redenoticia.com.br\/noticia\/wp-json\/wp\/v2\/users\/2"}],"replies":[{"embeddable":true,"href":"https:\/\/migracao.redenoticia.com.br\/noticia\/wp-json\/wp\/v2\/comments?post=83022"}],"version-history":[{"count":0,"href":"https:\/\/migracao.redenoticia.com.br\/noticia\/wp-json\/wp\/v2\/posts\/83022\/revisions"}],"wp:featuredmedia":[{"embeddable":true,"href":"https:\/\/migracao.redenoticia.com.br\/noticia\/wp-json\/wp\/v2\/media\/82020"}],"wp:attachment":[{"href":"https:\/\/migracao.redenoticia.com.br\/noticia\/wp-json\/wp\/v2\/media?parent=83022"}],"wp:term":[{"taxonomy":"category","embeddable":true,"href":"https:\/\/migracao.redenoticia.com.br\/noticia\/wp-json\/wp\/v2\/categories?post=83022"},{"taxonomy":"post_tag","embeddable":true,"href":"https:\/\/migracao.redenoticia.com.br\/noticia\/wp-json\/wp\/v2\/tags?post=83022"}],"curies":[{"name":"wp","href":"https:\/\/api.w.org\/{rel}","templated":true}]}}