{"id":83026,"date":"2016-03-24T16:33:16","date_gmt":"2016-03-24T19:33:16","guid":{"rendered":"http:\/\/www.redenoticia.com.br\/noticia\/?p=83026"},"modified":"2016-03-24T16:33:16","modified_gmt":"2016-03-24T19:33:16","slug":"novela-malhacao-resumo-2503-jessica-pega-o-buque-de-alina","status":"publish","type":"post","link":"https:\/\/migracao.redenoticia.com.br\/noticia\/2016\/novela-malhacao-resumo-2503-jessica-pega-o-buque-de-alina\/83026","title":{"rendered":"Novela \u201cMalha\u00e7\u00e3o\u201d resumo 25\/03: J\u00e9ssica pega o buqu\u00ea de Alina"},"content":{"rendered":"<p> <img loading=\"lazy\" decoding=\"async\" src=\"https:\/\/migracao.redenoticia.com.br\/noticia\/imagens\/malhacao_seu_lugar_no_mundo-150x112.jpg\" alt=\"malhacao_seu_lugar_no_mundo\" width=\"150\" height=\"112\" class=\"alignleft size-thumbnail wp-image-72511\" srcset=\"https:\/\/migracao.redenoticia.com.br\/noticia\/imagens\/malhacao_seu_lugar_no_mundo-150x112.jpg 150w, https:\/\/migracao.redenoticia.com.br\/noticia\/imagens\/malhacao_seu_lugar_no_mundo-265x198.jpg 265w\" sizes=\"auto, (max-width: 150px) 100vw, 150px\" \/><strong><em>Novela \u201cMalha\u00e7\u00e3o\u201d resumo 25\/03<\/em><\/strong>: depois de tanta confus\u00e3o, brigas, abra\u00e7os, beijos, perda de alian\u00e7a e acidente do noivo, Uodson e Alina chegam juntos na igreja e finalmente se casam. Na festa, todos se divertem, Monique dan\u00e7a com Menelau e J\u00e9ssica pega o buqu\u00ea. Felizes, Alina e Uodson se despedem dos convidados para curtirem a noite de n\u00fapcias. <\/p>\n<p>No capitulo 158 (*), novela \u201cMalha\u00e7\u00e3o\u201d, sexta-feira, 25 de mar\u00e7o \u2013 Alina socorre Uodson e os dois v\u00e3o juntos para a igreja. Sandra, a av\u00f3 de Beto, n\u00e3o d\u00e1 aten\u00e7\u00e3o para L\u00edvia. Alina e Uodson se casam. <\/p>\n<p>Roger comenta com Luciana que Fl\u00e1via gosta de uma pessoa em segredo. Luciana provoca Rodrigo por causa de Fl\u00e1via. L\u00edvia se incomoda com a proximidade entre Sandra e Vera. Monique dan\u00e7a com Menelau. <\/p>\n<p>J\u00e9ssica pega o buqu\u00ea de Alina. Luciana revela a Fl\u00e1via que sabe de seu amor por Rodrigo. Alina e Uodson curtem a noite de n\u00fapcias.  <\/p>\n<p>(*) edi\u00e7\u00e3o da Rede Globo, Novela \u201cMalha\u00e7\u00e3o\u201d, sujeito a altera\u00e7\u00e3o de data e conte\u00fado.<\/p>\n","protected":false},"excerpt":{"rendered":"<p>Novela \u201cMalha\u00e7\u00e3o\u201d resumo 25\/03: depois de tanta confus\u00e3o, brigas, abra\u00e7os, beijos, perda de alian\u00e7a e acidente do noivo, Uodson e Alina chegam juntos na igreja e finalmente se casam. Na festa, todos se divertem, Monique dan\u00e7a com Menelau e J\u00e9ssica pega o buqu\u00ea. Felizes, Alina e Uodson se despedem dos convidados para curtirem a noite [&hellip;]<\/p>\n","protected":false},"author":2,"featured_media":72511,"comment_status":"open","ping_status":"closed","sticky":false,"template":"","format":"standard","meta":{"tdm_status":"","tdm_grid_status":"","footnotes":""},"categories":[379,375,343],"tags":[],"class_list":{"0":"post-83026","1":"post","2":"type-post","3":"status-publish","4":"format-standard","5":"has-post-thumbnail","7":"category-novelas","8":"category-rede-globo","9":"category-televisao"},"_links":{"self":[{"href":"https:\/\/migracao.redenoticia.com.br\/noticia\/wp-json\/wp\/v2\/posts\/83026","targetHints":{"allow":["GET"]}}],"collection":[{"href":"https:\/\/migracao.redenoticia.com.br\/noticia\/wp-json\/wp\/v2\/posts"}],"about":[{"href":"https:\/\/migracao.redenoticia.com.br\/noticia\/wp-json\/wp\/v2\/types\/post"}],"author":[{"embeddable":true,"href":"https:\/\/migracao.redenoticia.com.br\/noticia\/wp-json\/wp\/v2\/users\/2"}],"replies":[{"embeddable":true,"href":"https:\/\/migracao.redenoticia.com.br\/noticia\/wp-json\/wp\/v2\/comments?post=83026"}],"version-history":[{"count":0,"href":"https:\/\/migracao.redenoticia.com.br\/noticia\/wp-json\/wp\/v2\/posts\/83026\/revisions"}],"wp:featuredmedia":[{"embeddable":true,"href":"https:\/\/migracao.redenoticia.com.br\/noticia\/wp-json\/wp\/v2\/media\/72511"}],"wp:attachment":[{"href":"https:\/\/migracao.redenoticia.com.br\/noticia\/wp-json\/wp\/v2\/media?parent=83026"}],"wp:term":[{"taxonomy":"category","embeddable":true,"href":"https:\/\/migracao.redenoticia.com.br\/noticia\/wp-json\/wp\/v2\/categories?post=83026"},{"taxonomy":"post_tag","embeddable":true,"href":"https:\/\/migracao.redenoticia.com.br\/noticia\/wp-json\/wp\/v2\/tags?post=83026"}],"curies":[{"name":"wp","href":"https:\/\/api.w.org\/{rel}","templated":true}]}}