{"id":8303,"date":"2009-08-12T08:07:03","date_gmt":"2009-08-12T12:07:03","guid":{"rendered":"http:\/\/www.redenoticia.com.br\/noticia\/?p=8303"},"modified":"2009-08-12T08:07:03","modified_gmt":"2009-08-12T12:07:03","slug":"clima-tempo-no-brasil-nesta-quarta-1208","status":"publish","type":"post","link":"https:\/\/migracao.redenoticia.com.br\/noticia\/2009\/clima-tempo-no-brasil-nesta-quarta-1208\/8303","title":{"rendered":"Clima tempo no Brasil nesta quarta 12\/08"},"content":{"rendered":"<p>Segundo a Climatempo, uma frente fria que j\u00e1 perde for\u00e7a e se afasta para alto-mar, ainda espalha muita nebulosidade no centro-leste mineiro, no norte do RJ e tamb\u00e9m no ES. O ar seco polar que acompanha este sistema frontal deixa a temperatura baixa principalmente em S\u00e3o Paulo e em todo o Sul do Brasil. No Centro-Oeste a forte massa de ar tamb\u00e9m deixa o c\u00e9u com poucas nuvens e a umidade relativa do ar fica baixa. No litoral leste nordestino, a umidade que chega do mar forma muitas nuvens que deixam o tempo inst\u00e1vel.<\/p>\n<p>Clima tempo Sudeste &#8211; Na quarta-feira, \u00e1reas de instabilidade associadas a passagem de uma frente fria ainda deixam o c\u00e9u nublado no litoral norte paulista, no Rio de Janeiro, no Esp\u00edrito Santo e nos Vales do Rio Doce e do Jequitinhonha. No norte fluminense e no sul do Esp\u00edrito Santo ocorrem pancadas de chuva a qualquer hora do dia; nas outras \u00e1reas pode chuviscar no come\u00e7o e no fim do dia. Nas outras \u00e1reas do Sudeste o tempo fica firme e o c\u00e9u fica com poucas nuvens nas demais regi\u00f5es paulistas e no norte de Minas.<\/p>\n<p>Clima tempo Sul &#8211; Na quarta-feira a temperatura sobe um pouco, mas a sensa\u00e7\u00e3o ainda \u00e9 de frio em todas as \u00e1reas da Regi\u00e3o. H\u00e1 previs\u00e3o de geada ao amanhecer para a serra ga\u00facha, para a serra e planalto catarinense e para o sul do Paran\u00e1. Durante o dia o c\u00e9u fica com poucas nuvens, o sol aparece e o tempo fica firme em todas as regi\u00f5es do Sul do pa\u00eds.<\/p>\n<p>Clima tempo Centro-Oeste &#8211; Na quarta-feira todas as \u00e1reas da Regi\u00e3o continuam sob o predom\u00ednio de uma grande massa de ar seco que impede a forma\u00e7\u00e3o de nuvens carregadas, impedindo assim a ocorr\u00eancia de chuva em todas as regi\u00f5es do Centro-Oeste do pa\u00eds.<\/p>\n<p>Clima tempo Nordeste &#8211; Na quarta-feira grande parte do Nordeste brasileiro segue sob o dom\u00ednio de uma forte massa de ar quente e seco, que garante um dia de tempo firme e com muito sol para grande parte da Regi\u00e3o. H\u00e1 previs\u00e3o de pancadas de chuva passageiras, principalmente no in\u00edcio do dia, para o litoral entre Bahia e Rio Grande do Norte e para o Planalto da Conquista.<\/p>\n<p>Clima tempo Norte &#8211; Na quarta-feira o sol segue predominando em todas as regi\u00f5es do Norte do pa\u00eds. No Acre, em Rond\u00f4nia, em Tocantins, no sul do Amazonas e no centro-sul do Par\u00e1 o ar seco ainda predomina e deixa o tempo firme. Nas outras \u00e1reas a umidade local favorece o aumento de nuvens que provocam pancadas de chuva a partir da tarde.<\/p>\n<p>Sobre o Grupo Climatempo<\/p>\n<p>O Grupo Climatempo \u00e9 a maior empresa privada de meteorologia do pa\u00eds. Uma holding formada pela Climatempo Consultoria, Ag\u00eancia Climatempo, a TV Climatempo e a CLIMANET (Internet, servi\u00e7os de tecnologia e inform\u00e1tica). Atualmente, o Grupo Climatempo fornece conte\u00fado para os principais portais do pa\u00eds, mais de 50 retransmissoras de televis\u00e3o do Brasil, r\u00e1dios e tem cerca de mil clientes. Os dois principais segmentos atendidos s\u00e3o o de agroneg\u00f3cios e meios de comunica\u00e7\u00e3o. Al\u00e9m destes, fornece conte\u00fado meteorol\u00f3gico estrat\u00e9gico para produtoras, a ind\u00fastria eletroeletr\u00f4nica e t\u00eaxtil, com\u00e9rcio, moda e turismo, constru\u00e7\u00e3o civil, setor de energia, entre outros setores.<\/p>\n","protected":false},"excerpt":{"rendered":"<p>Segundo a Climatempo, uma frente fria que j\u00e1 perde for\u00e7a e se afasta para alto-mar, ainda espalha muita nebulosidade no centro-leste mineiro, no norte do RJ e tamb\u00e9m no ES. O ar seco polar que acompanha este sistema frontal deixa a temperatura baixa principalmente em S\u00e3o Paulo e em todo o Sul do Brasil. No [&hellip;]<\/p>\n","protected":false},"author":3,"featured_media":0,"comment_status":"open","ping_status":"open","sticky":false,"template":"","format":"standard","meta":{"tdm_status":"","tdm_grid_status":"","footnotes":""},"categories":[22,327],"tags":[],"class_list":{"0":"post-8303","1":"post","2":"type-post","3":"status-publish","4":"format-standard","6":"category-brasil","7":"category-clima"},"_links":{"self":[{"href":"https:\/\/migracao.redenoticia.com.br\/noticia\/wp-json\/wp\/v2\/posts\/8303","targetHints":{"allow":["GET"]}}],"collection":[{"href":"https:\/\/migracao.redenoticia.com.br\/noticia\/wp-json\/wp\/v2\/posts"}],"about":[{"href":"https:\/\/migracao.redenoticia.com.br\/noticia\/wp-json\/wp\/v2\/types\/post"}],"author":[{"embeddable":true,"href":"https:\/\/migracao.redenoticia.com.br\/noticia\/wp-json\/wp\/v2\/users\/3"}],"replies":[{"embeddable":true,"href":"https:\/\/migracao.redenoticia.com.br\/noticia\/wp-json\/wp\/v2\/comments?post=8303"}],"version-history":[{"count":0,"href":"https:\/\/migracao.redenoticia.com.br\/noticia\/wp-json\/wp\/v2\/posts\/8303\/revisions"}],"wp:attachment":[{"href":"https:\/\/migracao.redenoticia.com.br\/noticia\/wp-json\/wp\/v2\/media?parent=8303"}],"wp:term":[{"taxonomy":"category","embeddable":true,"href":"https:\/\/migracao.redenoticia.com.br\/noticia\/wp-json\/wp\/v2\/categories?post=8303"},{"taxonomy":"post_tag","embeddable":true,"href":"https:\/\/migracao.redenoticia.com.br\/noticia\/wp-json\/wp\/v2\/tags?post=8303"}],"curies":[{"name":"wp","href":"https:\/\/api.w.org\/{rel}","templated":true}]}}