{"id":83030,"date":"2016-03-24T16:41:04","date_gmt":"2016-03-24T19:41:04","guid":{"rendered":"http:\/\/www.redenoticia.com.br\/noticia\/?p=83030"},"modified":"2016-03-24T16:41:04","modified_gmt":"2016-03-24T19:41:04","slug":"novela-totalmente-demais-resumo-2503-gilda-decide-morar-com-eliza","status":"publish","type":"post","link":"https:\/\/migracao.redenoticia.com.br\/noticia\/2016\/novela-totalmente-demais-resumo-2503-gilda-decide-morar-com-eliza\/83030","title":{"rendered":"Novela \u201cTotalmente Demais\u201d resumo 25\/03: Gilda decide morar com Eliza"},"content":{"rendered":"<p> <strong><em><img loading=\"lazy\" decoding=\"async\" class=\"alignleft size-thumbnail wp-image-76581\" src=\"https:\/\/migracao.redenoticia.com.br\/noticia\/imagens\/totalmente_demais_novela_resumo_globo-150x112.jpg\" alt=\"totalmente_demais_novela_resumo_globo\" width=\"150\" height=\"112\" srcset=\"https:\/\/migracao.redenoticia.com.br\/noticia\/imagens\/totalmente_demais_novela_resumo_globo-150x112.jpg 150w, https:\/\/migracao.redenoticia.com.br\/noticia\/imagens\/totalmente_demais_novela_resumo_globo-265x198.jpg 265w\" sizes=\"auto, (max-width: 150px) 100vw, 150px\" \/>Novela \u201cTotalmente Demais\u201d resumo 25\/03<\/em><\/strong>: Cordeiro procura Gilda e mostra as notas promiss\u00f3rias assinadas por Dino. Ele diz que vai se apoderar de seu bar, j\u00e1 que Dino fugiu. Eliza a convida para morar com ela e Gilda diz que vai pensar. Mais tarde, Gilda decide se mudar para o Rio de Janeiro com seus filhos. Eliza comemora por finalmente realizar seu sonho e poder voltar a morar com a m\u00e3e e seus irm\u00e3os.<\/p>\n<p>No capitulo 119 (*), novela \u201cTotalmente Demais\u201d, sexta-feira, 25 de mar\u00e7o \u2013 Eliza convida Gilda para morar com ela e a m\u00e3e promete pensar. D\u00e9bora acusa Cassandra de nunca ter se importado com seus sentimentos. <\/p>\n<p>Cassandra termina seu relacionamento com Fabinho por causa de D\u00e9bora. Gilda decide se mudar para o Rio de Janeiro com seus filhos. Carolina se despede de sua equipe e \u00e9 aplaudida pelos funcion\u00e1rios. <\/p>\n<p>Lorena anuncia que \u00e9 a nova diretora de reda\u00e7\u00e3o da Totalmente Demais. <\/p>\n<p>(*) edi\u00e7\u00e3o da Rede Globo, Novela \u201cTotalmente Demais\u201d, sujeito a altera\u00e7\u00e3o de data e conte\u00fado.<\/p>\n","protected":false},"excerpt":{"rendered":"<p>Novela \u201cTotalmente Demais\u201d resumo 25\/03: Cordeiro procura Gilda e mostra as notas promiss\u00f3rias assinadas por Dino. Ele diz que vai se apoderar de seu bar, j\u00e1 que Dino fugiu. Eliza a convida para morar com ela e Gilda diz que vai pensar. Mais tarde, Gilda decide se mudar para o Rio de Janeiro com seus [&hellip;]<\/p>\n","protected":false},"author":2,"featured_media":76581,"comment_status":"open","ping_status":"closed","sticky":false,"template":"","format":"standard","meta":{"tdm_status":"","tdm_grid_status":"","footnotes":""},"categories":[379,375,343],"tags":[],"class_list":{"0":"post-83030","1":"post","2":"type-post","3":"status-publish","4":"format-standard","5":"has-post-thumbnail","7":"category-novelas","8":"category-rede-globo","9":"category-televisao"},"_links":{"self":[{"href":"https:\/\/migracao.redenoticia.com.br\/noticia\/wp-json\/wp\/v2\/posts\/83030","targetHints":{"allow":["GET"]}}],"collection":[{"href":"https:\/\/migracao.redenoticia.com.br\/noticia\/wp-json\/wp\/v2\/posts"}],"about":[{"href":"https:\/\/migracao.redenoticia.com.br\/noticia\/wp-json\/wp\/v2\/types\/post"}],"author":[{"embeddable":true,"href":"https:\/\/migracao.redenoticia.com.br\/noticia\/wp-json\/wp\/v2\/users\/2"}],"replies":[{"embeddable":true,"href":"https:\/\/migracao.redenoticia.com.br\/noticia\/wp-json\/wp\/v2\/comments?post=83030"}],"version-history":[{"count":0,"href":"https:\/\/migracao.redenoticia.com.br\/noticia\/wp-json\/wp\/v2\/posts\/83030\/revisions"}],"wp:featuredmedia":[{"embeddable":true,"href":"https:\/\/migracao.redenoticia.com.br\/noticia\/wp-json\/wp\/v2\/media\/76581"}],"wp:attachment":[{"href":"https:\/\/migracao.redenoticia.com.br\/noticia\/wp-json\/wp\/v2\/media?parent=83030"}],"wp:term":[{"taxonomy":"category","embeddable":true,"href":"https:\/\/migracao.redenoticia.com.br\/noticia\/wp-json\/wp\/v2\/categories?post=83030"},{"taxonomy":"post_tag","embeddable":true,"href":"https:\/\/migracao.redenoticia.com.br\/noticia\/wp-json\/wp\/v2\/tags?post=83030"}],"curies":[{"name":"wp","href":"https:\/\/api.w.org\/{rel}","templated":true}]}}