{"id":83040,"date":"2016-03-25T15:15:44","date_gmt":"2016-03-25T18:15:44","guid":{"rendered":"http:\/\/www.redenoticia.com.br\/noticia\/?p=83040"},"modified":"2016-03-24T22:15:56","modified_gmt":"2016-03-25T01:15:56","slug":"novela-velho-chico-resumo-2603-eulalia-deixa-afranio-furioso","status":"publish","type":"post","link":"https:\/\/migracao.redenoticia.com.br\/noticia\/2016\/novela-velho-chico-resumo-2603-eulalia-deixa-afranio-furioso\/83040","title":{"rendered":"Novela \u201cVelho Chico\u201d resumo 26\/03: Eul\u00e1lia deixa Afr\u00e2nio furioso"},"content":{"rendered":"<p><img loading=\"lazy\" decoding=\"async\" class=\"alignleft size-thumbnail wp-image-82169\" src=\"https:\/\/migracao.redenoticia.com.br\/noticia\/imagens\/velho_chico_novela_resumo_globo-150x112.jpg\" alt=\"velho_chico_novela_resumo_globo\" width=\"150\" height=\"112\" srcset=\"https:\/\/migracao.redenoticia.com.br\/noticia\/imagens\/velho_chico_novela_resumo_globo-150x112.jpg 150w, https:\/\/migracao.redenoticia.com.br\/noticia\/imagens\/velho_chico_novela_resumo_globo-265x198.jpg 265w\" sizes=\"auto, (max-width: 150px) 100vw, 150px\" \/><strong><em>Novela \u201cVelho Chico\u201d resumo 26\/03<\/em><\/strong>: depois que Capit\u00e3o Rosa morreu, a sua mulher Eul\u00e1lia perdeu o sentido e o valor de tudo. \u00c9 na fam\u00edlia de Belmiro que ela encontra apoio para recome\u00e7ar. Belmiro comenta com Abdias que tem planos para as terras de Eul\u00e1lia voltarem a prosperar. Ele revela suas ideias de novos neg\u00f3cios para Benedito e Silvino e Clemente alerta Afr\u00e2nio. Aos poucos eles v\u00e3o levantando a fazenda e Afr\u00e2nio procura Eul\u00e1lia para comprar suas terras. Eul\u00e1lia n\u00e3o aceita, o que deixa Afr\u00e2nio furioso.<\/p>\n<p>No capitulo 12 (*), novela \u201cVelho Chico\u201d, s\u00e1bado, 26 de mar\u00e7o \u2013 Doninha conforta Tereza. Bento sente ci\u00fames da admira\u00e7\u00e3o de Luzia por Santo. Belmiro comenta com Abdias que tem planos para as terras de Eul\u00e1lia voltarem a prosperar.<\/p>\n<p>Orientado por Doninha, Afr\u00e2nio se aproxima de Tereza. Encarna\u00e7\u00e3o chantageia Padre Rom\u00e3o para que Tereza ocupe um lugar de destaque na prociss\u00e3o da igreja. Belmiro revela suas ideias de novos neg\u00f3cios para Benedito e Silvino e Clemente alerta Afr\u00e2nio.<\/p>\n<p>Eul\u00e1lia se nega a vender suas terras para Afr\u00e2nio. Encarna\u00e7\u00e3o anuncia a Doninha que Tereza participar\u00e1 da prociss\u00e3o da igreja.<\/p>\n<p>(*) edi\u00e7\u00e3o da Rede Globo, Novela \u201cVelho Chico\u201d, sujeito a altera\u00e7\u00e3o de data e conte\u00fado. <\/p>\n","protected":false},"excerpt":{"rendered":"<p>Novela \u201cVelho Chico\u201d resumo 26\/03: depois que Capit\u00e3o Rosa morreu, a sua mulher Eul\u00e1lia perdeu o sentido e o valor de tudo. \u00c9 na fam\u00edlia de Belmiro que ela encontra apoio para recome\u00e7ar. Belmiro comenta com Abdias que tem planos para as terras de Eul\u00e1lia voltarem a prosperar. Ele revela suas ideias de novos neg\u00f3cios [&hellip;]<\/p>\n","protected":false},"author":2,"featured_media":82169,"comment_status":"open","ping_status":"closed","sticky":false,"template":"","format":"standard","meta":{"tdm_status":"","tdm_grid_status":"","footnotes":""},"categories":[379,375,343],"tags":[],"class_list":{"0":"post-83040","1":"post","2":"type-post","3":"status-publish","4":"format-standard","5":"has-post-thumbnail","7":"category-novelas","8":"category-rede-globo","9":"category-televisao"},"_links":{"self":[{"href":"https:\/\/migracao.redenoticia.com.br\/noticia\/wp-json\/wp\/v2\/posts\/83040","targetHints":{"allow":["GET"]}}],"collection":[{"href":"https:\/\/migracao.redenoticia.com.br\/noticia\/wp-json\/wp\/v2\/posts"}],"about":[{"href":"https:\/\/migracao.redenoticia.com.br\/noticia\/wp-json\/wp\/v2\/types\/post"}],"author":[{"embeddable":true,"href":"https:\/\/migracao.redenoticia.com.br\/noticia\/wp-json\/wp\/v2\/users\/2"}],"replies":[{"embeddable":true,"href":"https:\/\/migracao.redenoticia.com.br\/noticia\/wp-json\/wp\/v2\/comments?post=83040"}],"version-history":[{"count":0,"href":"https:\/\/migracao.redenoticia.com.br\/noticia\/wp-json\/wp\/v2\/posts\/83040\/revisions"}],"wp:featuredmedia":[{"embeddable":true,"href":"https:\/\/migracao.redenoticia.com.br\/noticia\/wp-json\/wp\/v2\/media\/82169"}],"wp:attachment":[{"href":"https:\/\/migracao.redenoticia.com.br\/noticia\/wp-json\/wp\/v2\/media?parent=83040"}],"wp:term":[{"taxonomy":"category","embeddable":true,"href":"https:\/\/migracao.redenoticia.com.br\/noticia\/wp-json\/wp\/v2\/categories?post=83040"},{"taxonomy":"post_tag","embeddable":true,"href":"https:\/\/migracao.redenoticia.com.br\/noticia\/wp-json\/wp\/v2\/tags?post=83040"}],"curies":[{"name":"wp","href":"https:\/\/api.w.org\/{rel}","templated":true}]}}