{"id":83052,"date":"2016-03-25T15:13:24","date_gmt":"2016-03-25T18:13:24","guid":{"rendered":"http:\/\/www.redenoticia.com.br\/noticia\/?p=83052"},"modified":"2016-03-24T22:14:45","modified_gmt":"2016-03-25T01:14:45","slug":"novela-totalmente-demais-resumo-2603-max-ganha-nova-funcao","status":"publish","type":"post","link":"https:\/\/migracao.redenoticia.com.br\/noticia\/2016\/novela-totalmente-demais-resumo-2603-max-ganha-nova-funcao\/83052","title":{"rendered":"Novela \u201cTotalmente Demais\u201d resumo 26\/03: Max ganha nova fun\u00e7\u00e3o"},"content":{"rendered":"<p> <strong><em><img loading=\"lazy\" decoding=\"async\" class=\"alignleft size-thumbnail wp-image-76581\" src=\"https:\/\/migracao.redenoticia.com.br\/noticia\/imagens\/totalmente_demais_novela_resumo_globo-150x112.jpg\" alt=\"totalmente_demais_novela_resumo_globo\" width=\"150\" height=\"112\" srcset=\"https:\/\/migracao.redenoticia.com.br\/noticia\/imagens\/totalmente_demais_novela_resumo_globo-150x112.jpg 150w, https:\/\/migracao.redenoticia.com.br\/noticia\/imagens\/totalmente_demais_novela_resumo_globo-265x198.jpg 265w\" sizes=\"auto, (max-width: 150px) 100vw, 150px\" \/>Novela \u201cTotalmente Demais\u201d resumo 26\/03<\/em><\/strong>: Carolina perdeu a aposta que fez com Arthur e teve que entregar seu cargo de diretora da revista Totalmente Demais. Para piorar a queda, a sua grande rival, Lorena, ocupa o seu lugar. Lorena comunica a Pietro que ir\u00e1 mant\u00ea-lo em sua equipe, e ele exige que L\u00fa tamb\u00e9m fique. Pietro quer preparar o terreno porque tem certeza de que Carolina vai voltar. Ao chegar na Excalibur, Arthur avisa Max que ele ser\u00e1 assistente de Carolina. Ela pergunta a Arthur se Eliza sabe da aposta feita entre os dois.<\/p>\n<p>No capitulo 120 (*), novela \u201cTotalmente Demais\u201d, s\u00e1bado, 26 de mar\u00e7o \u2013 Lorena comunica a Pietro que ir\u00e1 mant\u00ea-lo em sua equipe. Lili diz a Eliza que sente orgulho dela.<\/p>\n<p>D\u00e9bora afirma que Cassandra n\u00e3o precisava ter terminado com Fabinho por sua causa. Arthur informa a Max que ele ser\u00e1 assistente de Carolina.<\/p>\n<p>Eliza e Gilda decidem procurar um bar para alugar no Bairro de F\u00e1tima. Carolina pergunta a Arthur se Eliza sabe da aposta feita entre os dois.<\/p>\n<p>(*) edi\u00e7\u00e3o da Rede Globo, Novela \u201cTotalmente Demais\u201d, sujeito a altera\u00e7\u00e3o de data e conte\u00fado.<\/p>\n","protected":false},"excerpt":{"rendered":"<p>Novela \u201cTotalmente Demais\u201d resumo 26\/03: Carolina perdeu a aposta que fez com Arthur e teve que entregar seu cargo de diretora da revista Totalmente Demais. Para piorar a queda, a sua grande rival, Lorena, ocupa o seu lugar. Lorena comunica a Pietro que ir\u00e1 mant\u00ea-lo em sua equipe, e ele exige que L\u00fa tamb\u00e9m fique. [&hellip;]<\/p>\n","protected":false},"author":2,"featured_media":76581,"comment_status":"open","ping_status":"closed","sticky":false,"template":"","format":"standard","meta":{"tdm_status":"","tdm_grid_status":"","footnotes":""},"categories":[379,375,343],"tags":[],"class_list":{"0":"post-83052","1":"post","2":"type-post","3":"status-publish","4":"format-standard","5":"has-post-thumbnail","7":"category-novelas","8":"category-rede-globo","9":"category-televisao"},"_links":{"self":[{"href":"https:\/\/migracao.redenoticia.com.br\/noticia\/wp-json\/wp\/v2\/posts\/83052","targetHints":{"allow":["GET"]}}],"collection":[{"href":"https:\/\/migracao.redenoticia.com.br\/noticia\/wp-json\/wp\/v2\/posts"}],"about":[{"href":"https:\/\/migracao.redenoticia.com.br\/noticia\/wp-json\/wp\/v2\/types\/post"}],"author":[{"embeddable":true,"href":"https:\/\/migracao.redenoticia.com.br\/noticia\/wp-json\/wp\/v2\/users\/2"}],"replies":[{"embeddable":true,"href":"https:\/\/migracao.redenoticia.com.br\/noticia\/wp-json\/wp\/v2\/comments?post=83052"}],"version-history":[{"count":0,"href":"https:\/\/migracao.redenoticia.com.br\/noticia\/wp-json\/wp\/v2\/posts\/83052\/revisions"}],"wp:featuredmedia":[{"embeddable":true,"href":"https:\/\/migracao.redenoticia.com.br\/noticia\/wp-json\/wp\/v2\/media\/76581"}],"wp:attachment":[{"href":"https:\/\/migracao.redenoticia.com.br\/noticia\/wp-json\/wp\/v2\/media?parent=83052"}],"wp:term":[{"taxonomy":"category","embeddable":true,"href":"https:\/\/migracao.redenoticia.com.br\/noticia\/wp-json\/wp\/v2\/categories?post=83052"},{"taxonomy":"post_tag","embeddable":true,"href":"https:\/\/migracao.redenoticia.com.br\/noticia\/wp-json\/wp\/v2\/tags?post=83052"}],"curies":[{"name":"wp","href":"https:\/\/api.w.org\/{rel}","templated":true}]}}