{"id":8306,"date":"2009-08-12T08:40:06","date_gmt":"2009-08-12T12:40:06","guid":{"rendered":"http:\/\/www.redenoticia.com.br\/noticia\/?p=8306"},"modified":"2009-08-12T23:40:08","modified_gmt":"2009-08-13T03:40:08","slug":"sucesso-de-fabio-jr-musica-alma-gemea-volta-as-telinhas","status":"publish","type":"post","link":"https:\/\/migracao.redenoticia.com.br\/noticia\/2009\/sucesso-de-fabio-jr-musica-alma-gemea-volta-as-telinhas\/8306","title":{"rendered":"Sucesso de F\u00e1bio Jr., m\u00fasica &#8220;alma g\u00eamea&#8221;, volta \u00e0s telinhas"},"content":{"rendered":"<p><a href=\"https:\/\/migracao.redenoticia.com.br\/noticia\/imagens\/\/fabiojr.jpg\"><img loading=\"lazy\" decoding=\"async\" class=\"alignleft size-medium wp-image-8307\" title=\"fabiojr\" src=\"https:\/\/migracao.redenoticia.com.br\/noticia\/imagens\/\/fabiojr-249x187.jpg\" alt=\"fabiojr\" width=\"249\" height=\"187\" \/><\/a>Um dos maiores sucessos de F\u00e1bio Jr., a m\u00fasica &#8220;Alma G\u00eamea&#8221;, est\u00e1 de volta \u00e0s tardes da Rede Globo. A novela, que possui o mesmo nome do hit rom\u00e2ntico, reestr\u00e9ia este m\u00eas, dia 24, no Vale a Pena Ver de Novo, e traz com ela a m\u00fasica do consagrado cantor como tema de abertura.\u00a0<\/p>\n<p>A can\u00e7\u00e3o &#8220;Alma G\u00eamea&#8221;, composta por Peninha, foi gravada por F\u00e1bio Jr., seu principal interprete, em 1994, no CD &#8220;F\u00e1bio Jr.&#8221;. A m\u00fasica, que fala do amor insepar\u00e1vel de duas pessoas, do encontro de duas almas que se completam, estourou nas r\u00e1dios e entre os f\u00e3s logo no lan\u00e7amento.<\/p>\n<p>&#8220;Essa m\u00fasica marcou uma fase da minha carreira, foi um sucesso no lan\u00e7amento e faz muito sucesso at\u00e9 hoje, por falar de amor ela n\u00e3o envelhece. &#8220;Alma G\u00eamea&#8221; n\u00e3o pode faltar no repert\u00f3rio dos meus shows, todo mundo sempre pede&#8221;, revela F\u00e1bio Jr.<\/p>\n<p>Depois de 1994, a m\u00fasica foi gravada mais quatro vezes por F\u00e1bio Jr. nos CDs: &#8220;S\u00f3 Voc\u00ea e F\u00e1bio Jr. Ao Vivo&#8221;, em 1997; &#8220;F\u00e1bio Jr. Ac\u00fastico&#8221;, em 2002; &#8220;Fabio Jr. Ao Vivo&#8221;, em 2003; e &#8220;F\u00e1bio Jr. &amp; Elas&#8221;, em 2008, com a participa\u00e7\u00e3o de \u00c2ngela Maria e Cauby Peixoto &#8211; em um especial gravado em 1998 para a Rede Record.<\/p>\n<p>A novela Alma G\u00eamea, que teve uma grande audi\u00eancia na sua primeira exibi\u00e7\u00e3o nos anos de 2005 e 2006, foi escrita por Walcyr Carrasco, dirigida por Jorge Fernando e protagonizada por Eduardo Moscovis e Priscila Fantin.<\/p>\n","protected":false},"excerpt":{"rendered":"<p>Um dos maiores sucessos de F\u00e1bio Jr., a m\u00fasica &#8220;Alma G\u00eamea&#8221;, est\u00e1 de volta \u00e0s tardes da Rede Globo. A novela, que possui o mesmo nome do hit rom\u00e2ntico, reestr\u00e9ia este m\u00eas, dia 24, no Vale a Pena Ver de Novo, e traz com ela a m\u00fasica do consagrado cantor como tema de abertura.\u00a0 A [&hellip;]<\/p>\n","protected":false},"author":3,"featured_media":0,"comment_status":"open","ping_status":"open","sticky":false,"template":"","format":"standard","meta":{"tdm_status":"","tdm_grid_status":"","footnotes":""},"categories":[22,343],"tags":[],"class_list":{"0":"post-8306","1":"post","2":"type-post","3":"status-publish","4":"format-standard","6":"category-brasil","7":"category-televisao"},"_links":{"self":[{"href":"https:\/\/migracao.redenoticia.com.br\/noticia\/wp-json\/wp\/v2\/posts\/8306","targetHints":{"allow":["GET"]}}],"collection":[{"href":"https:\/\/migracao.redenoticia.com.br\/noticia\/wp-json\/wp\/v2\/posts"}],"about":[{"href":"https:\/\/migracao.redenoticia.com.br\/noticia\/wp-json\/wp\/v2\/types\/post"}],"author":[{"embeddable":true,"href":"https:\/\/migracao.redenoticia.com.br\/noticia\/wp-json\/wp\/v2\/users\/3"}],"replies":[{"embeddable":true,"href":"https:\/\/migracao.redenoticia.com.br\/noticia\/wp-json\/wp\/v2\/comments?post=8306"}],"version-history":[{"count":0,"href":"https:\/\/migracao.redenoticia.com.br\/noticia\/wp-json\/wp\/v2\/posts\/8306\/revisions"}],"wp:attachment":[{"href":"https:\/\/migracao.redenoticia.com.br\/noticia\/wp-json\/wp\/v2\/media?parent=8306"}],"wp:term":[{"taxonomy":"category","embeddable":true,"href":"https:\/\/migracao.redenoticia.com.br\/noticia\/wp-json\/wp\/v2\/categories?post=8306"},{"taxonomy":"post_tag","embeddable":true,"href":"https:\/\/migracao.redenoticia.com.br\/noticia\/wp-json\/wp\/v2\/tags?post=8306"}],"curies":[{"name":"wp","href":"https:\/\/api.w.org\/{rel}","templated":true}]}}