{"id":83093,"date":"2016-03-27T18:26:13","date_gmt":"2016-03-27T21:26:13","guid":{"rendered":"http:\/\/www.redenoticia.com.br\/noticia\/?p=83093"},"modified":"2016-03-27T18:26:13","modified_gmt":"2016-03-27T21:26:13","slug":"novela-velho-chico-resumo-2803-teresa-conhece-santo","status":"publish","type":"post","link":"https:\/\/migracao.redenoticia.com.br\/noticia\/2016\/novela-velho-chico-resumo-2803-teresa-conhece-santo\/83093","title":{"rendered":"Novela \u201cVelho Chico\u201d resumo 28\/03: Teresa conhece Santo"},"content":{"rendered":"<p><img loading=\"lazy\" decoding=\"async\" class=\"alignleft size-thumbnail wp-image-82169\" src=\"https:\/\/migracao.redenoticia.com.br\/noticia\/imagens\/velho_chico_novela_resumo_globo-150x112.jpg\" alt=\"velho_chico_novela_resumo_globo\" width=\"150\" height=\"112\" srcset=\"https:\/\/migracao.redenoticia.com.br\/noticia\/imagens\/velho_chico_novela_resumo_globo-150x112.jpg 150w, https:\/\/migracao.redenoticia.com.br\/noticia\/imagens\/velho_chico_novela_resumo_globo-265x198.jpg 265w\" sizes=\"auto, (max-width: 150px) 100vw, 150px\" \/><strong><em>Novela \u201cVelho Chico\u201d resumo 28\/03<\/em><\/strong>: na fazenda do Coronel Afr\u00e2nio, a sua filha Tereza e o filho de Doninha, C\u00edcero foram criados juntos. Encarna\u00e7\u00e3o n\u00e3o gosta do jeito de sua neta Teresa e quer mand\u00e1-la para um col\u00e9gio interno. C\u00edcero fica decepcionado quando Tereza afirma que o ama, mas como irm\u00e3o. Durante a prociss\u00e3o, Teresa conhece Santo. Nasce um amor imposs\u00edvel. Afr\u00e2nio exige que sua filha n\u00e3o participe da prociss\u00e3o.<\/p>\n<p>No capitulo 013 (*), novela \u201cVelho Chico\u201d, segunda-feira, 28 de mar\u00e7o \u2013 Tereza e C\u00edcero fogem de Encarna\u00e7\u00e3o. Afr\u00e2nio fica furioso com a recusa de Eul\u00e1lia em lhe vender sua fazenda. Encarna\u00e7\u00e3o exige que Tereza v\u00e1 para um col\u00e9gio interno. C\u00edcero se decepciona quando Tereza afirma que o ama como irm\u00e3o.<\/p>\n<p>Oleg\u00e1rio critica a decis\u00e3o de Eul\u00e1lia ao fazer seu testamento. Afr\u00e2nio fica intrigado com a ida de Eul\u00e1lia ao cart\u00f3rio. Clemente leva Oleg\u00e1rio ao encontro de Afr\u00e2nio.<\/p>\n<p>Piedade tenta convencer Belmiro a aceitar a oferta de Eul\u00e1lia. Durante a prociss\u00e3o, Santo e Tereza se conhecem. Afr\u00e2nio exige que sua filha n\u00e3o participe da prociss\u00e3o.<\/p>\n<p>(*) edi\u00e7\u00e3o da Rede Globo, Novela \u201cVelho Chico\u201d, sujeito a altera\u00e7\u00e3o de data e conte\u00fado. <\/p>\n","protected":false},"excerpt":{"rendered":"<p>Novela \u201cVelho Chico\u201d resumo 28\/03: na fazenda do Coronel Afr\u00e2nio, a sua filha Tereza e o filho de Doninha, C\u00edcero foram criados juntos. Encarna\u00e7\u00e3o n\u00e3o gosta do jeito de sua neta Teresa e quer mand\u00e1-la para um col\u00e9gio interno. C\u00edcero fica decepcionado quando Tereza afirma que o ama, mas como irm\u00e3o. Durante a prociss\u00e3o, Teresa [&hellip;]<\/p>\n","protected":false},"author":2,"featured_media":82169,"comment_status":"open","ping_status":"closed","sticky":false,"template":"","format":"standard","meta":{"tdm_status":"","tdm_grid_status":"","footnotes":""},"categories":[379,375,343],"tags":[],"class_list":{"0":"post-83093","1":"post","2":"type-post","3":"status-publish","4":"format-standard","5":"has-post-thumbnail","7":"category-novelas","8":"category-rede-globo","9":"category-televisao"},"_links":{"self":[{"href":"https:\/\/migracao.redenoticia.com.br\/noticia\/wp-json\/wp\/v2\/posts\/83093","targetHints":{"allow":["GET"]}}],"collection":[{"href":"https:\/\/migracao.redenoticia.com.br\/noticia\/wp-json\/wp\/v2\/posts"}],"about":[{"href":"https:\/\/migracao.redenoticia.com.br\/noticia\/wp-json\/wp\/v2\/types\/post"}],"author":[{"embeddable":true,"href":"https:\/\/migracao.redenoticia.com.br\/noticia\/wp-json\/wp\/v2\/users\/2"}],"replies":[{"embeddable":true,"href":"https:\/\/migracao.redenoticia.com.br\/noticia\/wp-json\/wp\/v2\/comments?post=83093"}],"version-history":[{"count":0,"href":"https:\/\/migracao.redenoticia.com.br\/noticia\/wp-json\/wp\/v2\/posts\/83093\/revisions"}],"wp:featuredmedia":[{"embeddable":true,"href":"https:\/\/migracao.redenoticia.com.br\/noticia\/wp-json\/wp\/v2\/media\/82169"}],"wp:attachment":[{"href":"https:\/\/migracao.redenoticia.com.br\/noticia\/wp-json\/wp\/v2\/media?parent=83093"}],"wp:term":[{"taxonomy":"category","embeddable":true,"href":"https:\/\/migracao.redenoticia.com.br\/noticia\/wp-json\/wp\/v2\/categories?post=83093"},{"taxonomy":"post_tag","embeddable":true,"href":"https:\/\/migracao.redenoticia.com.br\/noticia\/wp-json\/wp\/v2\/tags?post=83093"}],"curies":[{"name":"wp","href":"https:\/\/api.w.org\/{rel}","templated":true}]}}