{"id":8310,"date":"2009-08-12T08:41:48","date_gmt":"2009-08-12T12:41:48","guid":{"rendered":"http:\/\/www.redenoticia.com.br\/noticia\/?p=8310"},"modified":"2009-08-12T08:41:48","modified_gmt":"2009-08-12T12:41:48","slug":"marcelo-gleiser-estreia-no-discovery-channel","status":"publish","type":"post","link":"https:\/\/migracao.redenoticia.com.br\/noticia\/2009\/marcelo-gleiser-estreia-no-discovery-channel\/8310","title":{"rendered":"Marcelo Gleiser estreia no Discovery Channel"},"content":{"rendered":"<p>F\u00edsico e astr\u00f4nomo brasileiro apresentar\u00e1 programetes de dois minutos sobre ci\u00eancia e tecnologia. A partir de ter\u00e7a-feira, 18 de agosto, por volta das 22h30, o Discovery Channel exibe, durante os intervalos de sua programa\u00e7\u00e3o, as c\u00e1psulas NOSSO MUNDO. Com dois minutos de dura\u00e7\u00e3o cada, os 13 programetes ser\u00e3o apresentados pelo f\u00edsico e astr\u00f4nomo brasileiro Marcelo Gleiser, que explicar\u00e1, de forma descomplicada, aspectos e din\u00e2micas que nos ajudar\u00e3o a entender o funcionamento do planeta e do universo.\u00a0<\/p>\n<p>Marcelo Gleiser tratar\u00e1 em NOSSO MUNDO de assuntos ligados \u00e0 sua especialidade, tornando acess\u00edvel ao p\u00fablico leigo o entendimento de fen\u00f4menos complexos. A cada ter\u00e7a-feira, ser\u00e1 exibida uma c\u00e1psula in\u00e9dita com o especialista sobre os seguintes temas: Buracos Negros; Viagem no Tempo; 2009: Ano da Astronomia; Grande Colisor de H\u00e1drons (LHC, em ingl\u00eas); o Big Bang; Em Busca de Vida em Outros Planetas; A Origem da Terra; A Origem da Vida; O que \u00e9 Vida?; Vida em Marte; Existe Vida em Outros Planetas?; Darwin; e Vida Inteligente.<\/p>\n<p>NOSSO MUNDO \u00e9 uma iniciativa da Discovery Networks Latin America\/US Hispanic (DLA\/USH), com coordena\u00e7\u00e3o da diretora de cria\u00e7\u00e3o Margarita Seguias e produ\u00e7\u00e3o de Rogelio Rodriguez.<\/p>\n<p>Sobre Marcelo Gleiser<\/p>\n<p>F\u00edsico e astr\u00f4nomo brasileiro, Marcelo \u00e9 formado pela Pontif\u00edcia Universidade do Rio de Janeiro e possui Ph.D. pela King&#8217;s College de Londres. Apaixonado por f\u00edsica e astronomia, Gleiser \u00e9 conhecido por levar essas ci\u00eancias &#8211; aparentemente acess\u00edveis apenas a especialistas &#8211; para o p\u00fablico em geral. Gleiser foi bolsista da Nasa e da Otan e em 1994 recebeu do presidente Bill Clinton o pr\u00eamio Faculty Fellows Award por seu trabalho de pesquisa em cosmologia e por sua dedica\u00e7\u00e3o ao ensino. Suas obras incluem, al\u00e9m de diversos artigos cient\u00edficos publicados, dois livros cient\u00edficos (Dan\u00e7a do Universo e O fim da Terra e do C\u00e9u), um romance best seller sobre a vida e obra do astr\u00f4nomo alem\u00e3o Johannes Kepler (A Harmonia do Mundo), colet\u00e2neas de artigos publicados na Folha de S.Paulo (Micro Macro 1 e 2), participa\u00e7\u00f5es em diversas s\u00e9ries de TV e consultoria no filme O Maior Amor do Mundo, de Cac\u00e1 Diegues. Atualmente, Marcelo \u00e9 professor de f\u00edsica e astronomia em Dartmouth College, universidade localizada no estado americano de New Hampshire.<\/p>\n","protected":false},"excerpt":{"rendered":"<p>F\u00edsico e astr\u00f4nomo brasileiro apresentar\u00e1 programetes de dois minutos sobre ci\u00eancia e tecnologia. A partir de ter\u00e7a-feira, 18 de agosto, por volta das 22h30, o Discovery Channel exibe, durante os intervalos de sua programa\u00e7\u00e3o, as c\u00e1psulas NOSSO MUNDO. Com dois minutos de dura\u00e7\u00e3o cada, os 13 programetes ser\u00e3o apresentados pelo f\u00edsico e astr\u00f4nomo brasileiro Marcelo [&hellip;]<\/p>\n","protected":false},"author":3,"featured_media":0,"comment_status":"open","ping_status":"open","sticky":false,"template":"","format":"standard","meta":{"tdm_status":"","tdm_grid_status":"","footnotes":""},"categories":[22,343],"tags":[],"class_list":{"0":"post-8310","1":"post","2":"type-post","3":"status-publish","4":"format-standard","6":"category-brasil","7":"category-televisao"},"_links":{"self":[{"href":"https:\/\/migracao.redenoticia.com.br\/noticia\/wp-json\/wp\/v2\/posts\/8310","targetHints":{"allow":["GET"]}}],"collection":[{"href":"https:\/\/migracao.redenoticia.com.br\/noticia\/wp-json\/wp\/v2\/posts"}],"about":[{"href":"https:\/\/migracao.redenoticia.com.br\/noticia\/wp-json\/wp\/v2\/types\/post"}],"author":[{"embeddable":true,"href":"https:\/\/migracao.redenoticia.com.br\/noticia\/wp-json\/wp\/v2\/users\/3"}],"replies":[{"embeddable":true,"href":"https:\/\/migracao.redenoticia.com.br\/noticia\/wp-json\/wp\/v2\/comments?post=8310"}],"version-history":[{"count":0,"href":"https:\/\/migracao.redenoticia.com.br\/noticia\/wp-json\/wp\/v2\/posts\/8310\/revisions"}],"wp:attachment":[{"href":"https:\/\/migracao.redenoticia.com.br\/noticia\/wp-json\/wp\/v2\/media?parent=8310"}],"wp:term":[{"taxonomy":"category","embeddable":true,"href":"https:\/\/migracao.redenoticia.com.br\/noticia\/wp-json\/wp\/v2\/categories?post=8310"},{"taxonomy":"post_tag","embeddable":true,"href":"https:\/\/migracao.redenoticia.com.br\/noticia\/wp-json\/wp\/v2\/tags?post=8310"}],"curies":[{"name":"wp","href":"https:\/\/api.w.org\/{rel}","templated":true}]}}