{"id":83117,"date":"2016-03-28T09:28:11","date_gmt":"2016-03-28T12:28:11","guid":{"rendered":"http:\/\/www.redenoticia.com.br\/noticia\/?p=83117"},"modified":"2016-03-27T17:51:30","modified_gmt":"2016-03-27T20:51:30","slug":"proteja-se-das-doencas-de-outono","status":"publish","type":"post","link":"https:\/\/migracao.redenoticia.com.br\/noticia\/2016\/proteja-se-das-doencas-de-outono\/83117","title":{"rendered":"Proteja-se das doen\u00e7as de outono"},"content":{"rendered":"<p> O Hospital Geral de Pirajussara, unidade da Secretaria da Sa\u00fade gerenciada em parceria com a SPDM (Associa\u00e7\u00e3o Paulista para o Desenvolvimento da Medicina), faz um alerta sobre as <strong><em>doen\u00e7as de outono<\/em><\/strong>, comuns com a diminui\u00e7\u00e3o de temperatura nesta \u00e9poca do ano.<\/p>\n<p>Entre os problemas mais frequentes deste per\u00edodo est\u00e3o as rinossinusites, otites, gripes e resfriados, al\u00e9m de problemas respirat\u00f3rios, como asma, bronquite e pneumonia.<\/p>\n<p>A combina\u00e7\u00e3o de temperaturas baixas, ambiente fechado devido ao frio e a pouca umidade do ar propicia maior concentra\u00e7\u00e3o de poluentes na atmosfera, o que se torna um terreno f\u00e9rtil para a propaga\u00e7\u00e3o das doen\u00e7as.<\/p>\n<p>Todas estas doen\u00e7as, mesmo em sua forma mais leve, podem trazer transtornos que v\u00e3o desde simples obstru\u00e7\u00e3o nasal at\u00e9 dor, febre e mal estar geral.<\/p>\n<p>Como se proteger<br \/>\nA principal recomenda\u00e7\u00e3o para prevenir as doen\u00e7as t\u00edpicas do outono \u00e9 manter boa alimenta\u00e7\u00e3o e beber bastante l\u00edquido. Quanto mais saud\u00e1vel e hidratada a pessoa estiver, menor a chance de adoecer. Outra dica \u00e9 evitar lugares mal ventilados, com grande aglomera\u00e7\u00e3o de pessoas.<\/p>\n<p>Tratamento<br \/>\n\u00c9 preciso estar atento tamb\u00e9m ao tratamento adequado, uma vez que a automedica\u00e7\u00e3o nunca \u00e9 recomend\u00e1vel &#8211; pode at\u00e9 agravar o problema ou gerar outra doen\u00e7a. \u00c9 recomend\u00e1vel procurar avalia\u00e7\u00e3o m\u00e9dica, principalmente para a faixa et\u00e1ria de risco, como crian\u00e7as abaixo de seis meses de idade e idosos.<\/p>\n<p>Do Portal do Governo do Estado SP<\/p>\n","protected":false},"excerpt":{"rendered":"<p>O Hospital Geral de Pirajussara, unidade da Secretaria da Sa\u00fade gerenciada em parceria com a SPDM (Associa\u00e7\u00e3o Paulista para o Desenvolvimento da Medicina), faz um alerta sobre as doen\u00e7as de outono, comuns com a diminui\u00e7\u00e3o de temperatura nesta \u00e9poca do ano. Entre os problemas mais frequentes deste per\u00edodo est\u00e3o as rinossinusites, otites, gripes e resfriados, [&hellip;]<\/p>\n","protected":false},"author":2,"featured_media":26302,"comment_status":"open","ping_status":"closed","sticky":false,"template":"","format":"standard","meta":{"tdm_status":"","tdm_grid_status":"","footnotes":""},"categories":[22,5],"tags":[],"class_list":{"0":"post-83117","1":"post","2":"type-post","3":"status-publish","4":"format-standard","5":"has-post-thumbnail","7":"category-brasil","8":"category-saude-e-vida"},"_links":{"self":[{"href":"https:\/\/migracao.redenoticia.com.br\/noticia\/wp-json\/wp\/v2\/posts\/83117","targetHints":{"allow":["GET"]}}],"collection":[{"href":"https:\/\/migracao.redenoticia.com.br\/noticia\/wp-json\/wp\/v2\/posts"}],"about":[{"href":"https:\/\/migracao.redenoticia.com.br\/noticia\/wp-json\/wp\/v2\/types\/post"}],"author":[{"embeddable":true,"href":"https:\/\/migracao.redenoticia.com.br\/noticia\/wp-json\/wp\/v2\/users\/2"}],"replies":[{"embeddable":true,"href":"https:\/\/migracao.redenoticia.com.br\/noticia\/wp-json\/wp\/v2\/comments?post=83117"}],"version-history":[{"count":0,"href":"https:\/\/migracao.redenoticia.com.br\/noticia\/wp-json\/wp\/v2\/posts\/83117\/revisions"}],"wp:featuredmedia":[{"embeddable":true,"href":"https:\/\/migracao.redenoticia.com.br\/noticia\/wp-json\/wp\/v2\/media\/26302"}],"wp:attachment":[{"href":"https:\/\/migracao.redenoticia.com.br\/noticia\/wp-json\/wp\/v2\/media?parent=83117"}],"wp:term":[{"taxonomy":"category","embeddable":true,"href":"https:\/\/migracao.redenoticia.com.br\/noticia\/wp-json\/wp\/v2\/categories?post=83117"},{"taxonomy":"post_tag","embeddable":true,"href":"https:\/\/migracao.redenoticia.com.br\/noticia\/wp-json\/wp\/v2\/tags?post=83117"}],"curies":[{"name":"wp","href":"https:\/\/api.w.org\/{rel}","templated":true}]}}