{"id":83119,"date":"2016-03-28T09:29:34","date_gmt":"2016-03-28T12:29:34","guid":{"rendered":"http:\/\/www.redenoticia.com.br\/noticia\/?p=83119"},"modified":"2016-03-27T17:52:44","modified_gmt":"2016-03-27T20:52:44","slug":"como-diferenciar-gripe-de-resfriado-2","status":"publish","type":"post","link":"https:\/\/migracao.redenoticia.com.br\/noticia\/2016\/como-diferenciar-gripe-de-resfriado-2\/83119","title":{"rendered":"Como diferenciar gripe de resfriado"},"content":{"rendered":"<p> Diferenciar <strong><em>gripe de resfriado<\/em><\/strong> \u00e9 imprescind\u00edvel para a nossa sa\u00fade, garante o infectologista Ralcyon Teixeira, supervisor do pronto-socorro do Instituto Em\u00edlio Ribas (refer\u00eancia no tratamento de doen\u00e7as infectocontagiosas). &#8220;\u00c9 muito importante que o paciente tenha uma no\u00e7\u00e3o das diferen\u00e7as e, caso desconfie de que esteja gripado, procure um m\u00e9dico e jamais ignore a doen\u00e7a. A gripe \u00e9 uma doen\u00e7a t\u00e3o s\u00e9ria que possui um tratamento e uma vacina espec\u00edficos, enquanto o resfriado, n\u00e3o&#8221;, afirma.<\/p>\n<p>A gripe, por exemplo, pode gerar pneumonia e at\u00e9 levar ao \u00f3bito, n\u00e3o podendo dispensar uma consulta m\u00e9dica. Um pr\u00e9-diagn\u00f3stico do pr\u00f3prio paciente pode ser determinante para que ele tome a decis\u00e3o de procurar atendimento e seja medicado de forma adequada ainda nas primeiras 72 horas do in\u00edcio dos sintomas. Assim, a partir de algumas dicas, \u00e9 poss\u00edvel identificar, de forma simples e r\u00e1pida, as diferen\u00e7as b\u00e1sicas entre gripes e resfriados.<\/p>\n<p>Cinco perguntas b\u00e1sicas para identificar se voc\u00ea tem gripe ou resfriado:<\/p>\n<p>1) Tenho febre: qual a temperatura?<br \/>\nPode estar relacionada tanto \u00e0 gripe quanto ao resfriado, mas a diferen\u00e7a fica por conta da intensidade. Resfriados causam febres de no m\u00e1ximo 38 graus, enquanto temperaturas que v\u00e3o al\u00e9m disso podem ser entendidas como um sintoma claro de gripe;<\/p>\n<p>2) Como come\u00e7ou?<br \/>\nO resfriado se instala de forma lenta e gradativa, enquanto a gripe sempre acontece de forma repentina e r\u00e1pida, &#8220;derrubando&#8221; o paciente &#8220;de uma hora para outra&#8221;.<\/p>\n<p>3) Estou tossindo: como \u00e9 a tosse?<br \/>\n\u00c9 um sintoma marcante da gripe, especialmente a tosse seca. Se for este o caso, fique em alerta! Resfriados n\u00e3o causam tosse ou apresentam o sintoma apenas na reta final da doen\u00e7a;<\/p>\n<p>4) Estou espirrando?<br \/>\nO espirro, a coriza e o nariz vermelho, ao contr\u00e1rio do que se imagina, s\u00e3o caracter\u00edsticas bem peculiares do resfriado e n\u00e3o da gripe. Quadros de gripe quase n\u00e3o apresentam irrita\u00e7\u00e3o relacionada \u00e0s narinas (vias respirat\u00f3rias altas);<\/p>\n<p>5) H\u00e1 quanto tempo estou assim?<br \/>\nResfriados duram em m\u00e9dia de tr\u00eas a quatro dias. Gripes duram em m\u00e9dia sete dias.<\/p>\n<p>Do Portal do Governo do Estado SP<\/p>\n","protected":false},"excerpt":{"rendered":"<p>Diferenciar gripe de resfriado \u00e9 imprescind\u00edvel para a nossa sa\u00fade, garante o infectologista Ralcyon Teixeira, supervisor do pronto-socorro do Instituto Em\u00edlio Ribas (refer\u00eancia no tratamento de doen\u00e7as infectocontagiosas). &#8220;\u00c9 muito importante que o paciente tenha uma no\u00e7\u00e3o das diferen\u00e7as e, caso desconfie de que esteja gripado, procure um m\u00e9dico e jamais ignore a doen\u00e7a. A [&hellip;]<\/p>\n","protected":false},"author":2,"featured_media":57579,"comment_status":"open","ping_status":"closed","sticky":false,"template":"","format":"standard","meta":{"tdm_status":"","tdm_grid_status":"","footnotes":""},"categories":[22,5],"tags":[],"class_list":{"0":"post-83119","1":"post","2":"type-post","3":"status-publish","4":"format-standard","5":"has-post-thumbnail","7":"category-brasil","8":"category-saude-e-vida"},"_links":{"self":[{"href":"https:\/\/migracao.redenoticia.com.br\/noticia\/wp-json\/wp\/v2\/posts\/83119","targetHints":{"allow":["GET"]}}],"collection":[{"href":"https:\/\/migracao.redenoticia.com.br\/noticia\/wp-json\/wp\/v2\/posts"}],"about":[{"href":"https:\/\/migracao.redenoticia.com.br\/noticia\/wp-json\/wp\/v2\/types\/post"}],"author":[{"embeddable":true,"href":"https:\/\/migracao.redenoticia.com.br\/noticia\/wp-json\/wp\/v2\/users\/2"}],"replies":[{"embeddable":true,"href":"https:\/\/migracao.redenoticia.com.br\/noticia\/wp-json\/wp\/v2\/comments?post=83119"}],"version-history":[{"count":0,"href":"https:\/\/migracao.redenoticia.com.br\/noticia\/wp-json\/wp\/v2\/posts\/83119\/revisions"}],"wp:featuredmedia":[{"embeddable":true,"href":"https:\/\/migracao.redenoticia.com.br\/noticia\/wp-json\/wp\/v2\/media\/57579"}],"wp:attachment":[{"href":"https:\/\/migracao.redenoticia.com.br\/noticia\/wp-json\/wp\/v2\/media?parent=83119"}],"wp:term":[{"taxonomy":"category","embeddable":true,"href":"https:\/\/migracao.redenoticia.com.br\/noticia\/wp-json\/wp\/v2\/categories?post=83119"},{"taxonomy":"post_tag","embeddable":true,"href":"https:\/\/migracao.redenoticia.com.br\/noticia\/wp-json\/wp\/v2\/tags?post=83119"}],"curies":[{"name":"wp","href":"https:\/\/api.w.org\/{rel}","templated":true}]}}