{"id":8312,"date":"2009-08-12T08:44:19","date_gmt":"2009-08-12T12:44:19","guid":{"rendered":"http:\/\/www.redenoticia.com.br\/noticia\/?p=8312"},"modified":"2009-08-13T23:37:50","modified_gmt":"2009-08-14T03:37:50","slug":"fernando-faro-recebe-leila-pinheiro-e-eduardo-gudin","status":"publish","type":"post","link":"https:\/\/migracao.redenoticia.com.br\/noticia\/2009\/fernando-faro-recebe-leila-pinheiro-e-eduardo-gudin\/8312","title":{"rendered":"Fernando Faro recebe Leila Pinheiro e Eduardo Gudin"},"content":{"rendered":"<p><a href=\"https:\/\/migracao.redenoticia.com.br\/noticia\/imagens\/\/leila.jpg\"><img loading=\"lazy\" decoding=\"async\" class=\"alignleft size-medium wp-image-8313\" title=\"leila\" src=\"https:\/\/migracao.redenoticia.com.br\/noticia\/imagens\/\/leila-249x187.jpg\" alt=\"leila\" width=\"249\" height=\"187\" \/><\/a>No Ensaio desta quarta (12\/8), os artistas contam sobre a parceria e o novo disco Pra Iluminar. Leila Pinheiro, uma das principais int\u00e9rpretes dos anos 1980, e Eduardo Gudin, compositor e arranjador que est\u00e1 completando quatro d\u00e9cadas de carreira, t\u00eam em comum o sucesso conquistado com o samba Verde composto por Gudin e interpretado por Leila no Festival dos Festivais, de 1985. A can\u00e7\u00e3o ficou em terceiro lugar e Leila foi vencedora do pr\u00eamio de Revela\u00e7\u00e3o. Os m\u00fasicos s\u00e3o os convidados de Fernando Faro no Ensaio desta quarta-feira (12\/8), \u00e0s 22h10, na TV Cultura.\u00a0<br \/>\nNo programa, a cantora comenta sobre Bel\u00e9m, sua cidade natal, e conta que est\u00e1 mergulhada no trabalho de Renato Russo. &#8220;Eu tenho uma intimidade com a obra dele, que agora se aprofundou muit\u00edssimo&#8221;, diz. &#8220;Estou tomada de Renato, da poesia dele&#8221;.<\/p>\n<p>Gudin e Leila falam tamb\u00e9m de sua trajet\u00f3ria, de como suas carreiras se cruzaram e do novo \u00e1lbum Pra Iluminar. O compositor relembra seus in\u00fameros parceiros, como Paulinho da Viola, Paulo Vanzolini, Jos\u00e9 Carlos da Costa Neto e Paulo C\u00e9sar Pinheiro. Recorda ainda que seu primeiro disco foi produzido por Fernando Faro.<\/p>\n<p>No Ensaio, eles interpretam m\u00fasicas como Eleg\u00e2ncia antiga, Maior \u00e9 Deus, Sempre se pode sonhar, Mente, Olha quem chega, Velho Ateu,<\/p>\n<p>L\u00e1 se v\u00e3o os An\u00e9is, Paulista, Mente e Verde, que n\u00e3o poderia faltar no repert\u00f3rio.<\/p>\n","protected":false},"excerpt":{"rendered":"<p>No Ensaio desta quarta (12\/8), os artistas contam sobre a parceria e o novo disco Pra Iluminar. Leila Pinheiro, uma das principais int\u00e9rpretes dos anos 1980, e Eduardo Gudin, compositor e arranjador que est\u00e1 completando quatro d\u00e9cadas de carreira, t\u00eam em comum o sucesso conquistado com o samba Verde composto por Gudin e interpretado por [&hellip;]<\/p>\n","protected":false},"author":3,"featured_media":0,"comment_status":"open","ping_status":"open","sticky":false,"template":"","format":"standard","meta":{"tdm_status":"","tdm_grid_status":"","footnotes":""},"categories":[22,343],"tags":[],"class_list":{"0":"post-8312","1":"post","2":"type-post","3":"status-publish","4":"format-standard","6":"category-brasil","7":"category-televisao"},"_links":{"self":[{"href":"https:\/\/migracao.redenoticia.com.br\/noticia\/wp-json\/wp\/v2\/posts\/8312","targetHints":{"allow":["GET"]}}],"collection":[{"href":"https:\/\/migracao.redenoticia.com.br\/noticia\/wp-json\/wp\/v2\/posts"}],"about":[{"href":"https:\/\/migracao.redenoticia.com.br\/noticia\/wp-json\/wp\/v2\/types\/post"}],"author":[{"embeddable":true,"href":"https:\/\/migracao.redenoticia.com.br\/noticia\/wp-json\/wp\/v2\/users\/3"}],"replies":[{"embeddable":true,"href":"https:\/\/migracao.redenoticia.com.br\/noticia\/wp-json\/wp\/v2\/comments?post=8312"}],"version-history":[{"count":0,"href":"https:\/\/migracao.redenoticia.com.br\/noticia\/wp-json\/wp\/v2\/posts\/8312\/revisions"}],"wp:attachment":[{"href":"https:\/\/migracao.redenoticia.com.br\/noticia\/wp-json\/wp\/v2\/media?parent=8312"}],"wp:term":[{"taxonomy":"category","embeddable":true,"href":"https:\/\/migracao.redenoticia.com.br\/noticia\/wp-json\/wp\/v2\/categories?post=8312"},{"taxonomy":"post_tag","embeddable":true,"href":"https:\/\/migracao.redenoticia.com.br\/noticia\/wp-json\/wp\/v2\/tags?post=8312"}],"curies":[{"name":"wp","href":"https:\/\/api.w.org\/{rel}","templated":true}]}}