{"id":83123,"date":"2016-03-28T09:34:11","date_gmt":"2016-03-28T12:34:11","guid":{"rendered":"http:\/\/www.redenoticia.com.br\/noticia\/?p=83123"},"modified":"2016-03-27T17:55:46","modified_gmt":"2016-03-27T20:55:46","slug":"puxada-por-microempreendedor-criacao-de-empresas-foi-recorde-em-janeiro","status":"publish","type":"post","link":"https:\/\/migracao.redenoticia.com.br\/noticia\/2016\/puxada-por-microempreendedor-criacao-de-empresas-foi-recorde-em-janeiro\/83123","title":{"rendered":"Puxada por microempreendedor, cria\u00e7\u00e3o de empresas foi recorde em janeiro"},"content":{"rendered":"<p> O n\u00famero de empresas criadas no Brasil bateu recorde no m\u00eas de janeiro, registrando alta de 10,4% em rela\u00e7\u00e3o ao mesmo m\u00eas do ano passado, com o registro de mais de 166 mil novos <strong><em>cadastros de pessoa jur\u00eddica<\/em><\/strong> (CNPJ), maior patamar para o m\u00eas no acompanhamento iniciado h\u00e1 seis anos pela Serasa Experian. <\/p>\n<p>A maior quantidade de novas empresas foi criada na modalidade Microempreendedor Individual (137.301), esquema simplificado de formaliza\u00e7\u00e3o para quem estima um faturamento de no m\u00e1ximo R$ 60 mil por ano. Segundo a Serasa, isso reflete o per\u00edodo de retra\u00e7\u00e3o da economia, no qual as pessoas que perdem o emprego veem a abertura de um neg\u00f3cio como alternativa.  <\/p>\n<p>O nascimento de Empresas Individuais (12.033) teve retra\u00e7\u00e3o de 11,8% em janeiro, na compara\u00e7\u00e3o com o mesmo m\u00eas de 2015. A abertura de Sociedades Individuais (11.752) tamb\u00e9m apresentou recuo de 8,9%. Empreendimentos de outra natureza (6.949) tiveram alta de 7,5%.<\/p>\n<p>O setor de servi\u00e7os foi o mais procurado, correspondendo a 62,6% dos novos empreendimentos, seguido pelo com\u00e9rcio (28,7%). A ind\u00fastria respondeu por apenas 8,4% dos nascimentos de empresas em janeiro de 2016.<\/p>\n<p>O Indicador Serasa Experian de Nascimento de Empresas \u00e9 feito a partir do levantamento de novas empresas criadas nas juntas comerciais dos estados e da apura\u00e7\u00e3o de CNPJs consultados pela primeira vez nos cadastros da consultoria.<\/p>\n<p>Da Ag\u00eancia Brasil<br \/>\nEdi\u00e7\u00e3o: Armando Cardoso<br \/>\n28\/03\/2016<\/p>\n","protected":false},"excerpt":{"rendered":"<p>O n\u00famero de empresas criadas no Brasil bateu recorde no m\u00eas de janeiro, registrando alta de 10,4% em rela\u00e7\u00e3o ao mesmo m\u00eas do ano passado, com o registro de mais de 166 mil novos cadastros de pessoa jur\u00eddica (CNPJ), maior patamar para o m\u00eas no acompanhamento iniciado h\u00e1 seis anos pela Serasa Experian. A maior [&hellip;]<\/p>\n","protected":false},"author":2,"featured_media":57582,"comment_status":"open","ping_status":"closed","sticky":false,"template":"","format":"standard","meta":{"tdm_status":"","tdm_grid_status":"","footnotes":""},"categories":[22,7],"tags":[],"class_list":{"0":"post-83123","1":"post","2":"type-post","3":"status-publish","4":"format-standard","5":"has-post-thumbnail","7":"category-brasil","8":"category-economia"},"_links":{"self":[{"href":"https:\/\/migracao.redenoticia.com.br\/noticia\/wp-json\/wp\/v2\/posts\/83123","targetHints":{"allow":["GET"]}}],"collection":[{"href":"https:\/\/migracao.redenoticia.com.br\/noticia\/wp-json\/wp\/v2\/posts"}],"about":[{"href":"https:\/\/migracao.redenoticia.com.br\/noticia\/wp-json\/wp\/v2\/types\/post"}],"author":[{"embeddable":true,"href":"https:\/\/migracao.redenoticia.com.br\/noticia\/wp-json\/wp\/v2\/users\/2"}],"replies":[{"embeddable":true,"href":"https:\/\/migracao.redenoticia.com.br\/noticia\/wp-json\/wp\/v2\/comments?post=83123"}],"version-history":[{"count":0,"href":"https:\/\/migracao.redenoticia.com.br\/noticia\/wp-json\/wp\/v2\/posts\/83123\/revisions"}],"wp:featuredmedia":[{"embeddable":true,"href":"https:\/\/migracao.redenoticia.com.br\/noticia\/wp-json\/wp\/v2\/media\/57582"}],"wp:attachment":[{"href":"https:\/\/migracao.redenoticia.com.br\/noticia\/wp-json\/wp\/v2\/media?parent=83123"}],"wp:term":[{"taxonomy":"category","embeddable":true,"href":"https:\/\/migracao.redenoticia.com.br\/noticia\/wp-json\/wp\/v2\/categories?post=83123"},{"taxonomy":"post_tag","embeddable":true,"href":"https:\/\/migracao.redenoticia.com.br\/noticia\/wp-json\/wp\/v2\/tags?post=83123"}],"curies":[{"name":"wp","href":"https:\/\/api.w.org\/{rel}","templated":true}]}}