{"id":83125,"date":"2016-03-28T09:35:52","date_gmt":"2016-03-28T12:35:52","guid":{"rendered":"http:\/\/www.redenoticia.com.br\/noticia\/?p=83125"},"modified":"2016-03-27T17:57:14","modified_gmt":"2016-03-27T20:57:14","slug":"fluxo-cambial-registra-saldo-negativo-de-us-1738-bilhao-em-marco","status":"publish","type":"post","link":"https:\/\/migracao.redenoticia.com.br\/noticia\/2016\/fluxo-cambial-registra-saldo-negativo-de-us-1738-bilhao-em-marco\/83125","title":{"rendered":"Fluxo cambial registra saldo negativo de US$ 1,738 bilh\u00e3o em mar\u00e7o"},"content":{"rendered":"<p> O saldo da entrada e sa\u00edda de d\u00f3lares do pa\u00eds, <strong><em>fluxo cambial<\/em><\/strong>, ficou negativo em US$ 1,738 bilh\u00e3o no m\u00eas de mar\u00e7o at\u00e9 o \u00faltimo dia 21. Os n\u00fameros parciais foram divulgados pelo chefe do Departamento Econ\u00f4mico do Banco Central, Tulio Maciel.<\/p>\n<p> A maior parte do resultado negativo no per\u00edodo foi registrado no segmento financeiro (investimentos em t\u00edtulos, remessas de lucros e dividendos ao exterior e investimentos estrangeiros diretos, entre outras opera\u00e7\u00f5es), com sa\u00eddas maiores que as entradas em US$ 1,743 bilh\u00e3o.<\/p>\n<p>No segmento comercial (opera\u00e7\u00f5es de c\u00e2mbio relacionadas a exporta\u00e7\u00f5es e importa\u00e7\u00f5es), o saldo foi positivo, mais muito pequeno, alcan\u00e7ando US$ 5 milh\u00f5es .<\/p>\n<p>Tulio Maciel divulgou os n\u00fameros das contas externas brasileiras e refez proje\u00e7\u00f5es. Conforme os dados, a estimativa para o d\u00e9ficit em conta corrente passou de US$ 41 bilh\u00f5es para um resultado negativo de US$ 25 bilh\u00f5es.<\/p>\n<p>Caso o resultado seja confirmado, ser\u00e1 o menor desde 2007, quando houve super\u00e1vit de US$ 408 milh\u00f5es na conta de transa\u00e7\u00f5es correntes.<\/p>\n<p>De acordo com n\u00fameros do Banco Central, em fevereiro as contas externas fecharam o m\u00eas com d\u00e9ficit de US$ 1,919 bilh\u00e3o. \u00c9 o menor resultado desde agosto de 2009, quando o saldo ficou negativo em US$ 828,5 milh\u00f5es.<\/p>\n<p>A conta representa as transa\u00e7\u00f5es correntes, que s\u00e3o as compras e as vendas de mercadorias e servi\u00e7os e transfer\u00eancias de renda do pa\u00eds com outras na\u00e7\u00f5es.                                          <\/p>\n<p>Daniel Lima &#8211; Rep\u00f3rter da Ag\u00eancia Brasil<br \/>\nEdi\u00e7\u00e3o: Armando Cardoso<br \/>\n28\/03\/2016<\/p>\n","protected":false},"excerpt":{"rendered":"<p>O saldo da entrada e sa\u00edda de d\u00f3lares do pa\u00eds, fluxo cambial, ficou negativo em US$ 1,738 bilh\u00e3o no m\u00eas de mar\u00e7o at\u00e9 o \u00faltimo dia 21. Os n\u00fameros parciais foram divulgados pelo chefe do Departamento Econ\u00f4mico do Banco Central, Tulio Maciel. A maior parte do resultado negativo no per\u00edodo foi registrado no segmento financeiro [&hellip;]<\/p>\n","protected":false},"author":2,"featured_media":38938,"comment_status":"open","ping_status":"closed","sticky":false,"template":"","format":"standard","meta":{"tdm_status":"","tdm_grid_status":"","footnotes":""},"categories":[22,7],"tags":[],"class_list":{"0":"post-83125","1":"post","2":"type-post","3":"status-publish","4":"format-standard","5":"has-post-thumbnail","7":"category-brasil","8":"category-economia"},"_links":{"self":[{"href":"https:\/\/migracao.redenoticia.com.br\/noticia\/wp-json\/wp\/v2\/posts\/83125","targetHints":{"allow":["GET"]}}],"collection":[{"href":"https:\/\/migracao.redenoticia.com.br\/noticia\/wp-json\/wp\/v2\/posts"}],"about":[{"href":"https:\/\/migracao.redenoticia.com.br\/noticia\/wp-json\/wp\/v2\/types\/post"}],"author":[{"embeddable":true,"href":"https:\/\/migracao.redenoticia.com.br\/noticia\/wp-json\/wp\/v2\/users\/2"}],"replies":[{"embeddable":true,"href":"https:\/\/migracao.redenoticia.com.br\/noticia\/wp-json\/wp\/v2\/comments?post=83125"}],"version-history":[{"count":0,"href":"https:\/\/migracao.redenoticia.com.br\/noticia\/wp-json\/wp\/v2\/posts\/83125\/revisions"}],"wp:featuredmedia":[{"embeddable":true,"href":"https:\/\/migracao.redenoticia.com.br\/noticia\/wp-json\/wp\/v2\/media\/38938"}],"wp:attachment":[{"href":"https:\/\/migracao.redenoticia.com.br\/noticia\/wp-json\/wp\/v2\/media?parent=83125"}],"wp:term":[{"taxonomy":"category","embeddable":true,"href":"https:\/\/migracao.redenoticia.com.br\/noticia\/wp-json\/wp\/v2\/categories?post=83125"},{"taxonomy":"post_tag","embeddable":true,"href":"https:\/\/migracao.redenoticia.com.br\/noticia\/wp-json\/wp\/v2\/tags?post=83125"}],"curies":[{"name":"wp","href":"https:\/\/api.w.org\/{rel}","templated":true}]}}