{"id":83136,"date":"2016-03-27T18:06:36","date_gmt":"2016-03-27T21:06:36","guid":{"rendered":"http:\/\/www.redenoticia.com.br\/noticia\/?p=83136"},"modified":"2016-03-27T18:06:36","modified_gmt":"2016-03-27T21:06:36","slug":"novela-cuidado-com-o-anjo-resumo-2803-estefania-foge-da-delegacia-2","status":"publish","type":"post","link":"https:\/\/migracao.redenoticia.com.br\/noticia\/2016\/novela-cuidado-com-o-anjo-resumo-2803-estefania-foge-da-delegacia-2\/83136","title":{"rendered":"Novela \u201cCuidado com o Anjo\u201d resumo 28\/03: Estef\u00e2nia foge da delegacia"},"content":{"rendered":"<p> <img loading=\"lazy\" decoding=\"async\" class=\"alignleft size-thumbnail wp-image-82049\" src=\"https:\/\/migracao.redenoticia.com.br\/noticia\/imagens\/cuidado-com-o-anjo-novela-resumo-capitulo-sbt-episodio-150x112.jpg\" alt=\"cuidado com o anjo novela resumo capitulo sbt episodio\" width=\"150\" height=\"112\" srcset=\"https:\/\/migracao.redenoticia.com.br\/noticia\/imagens\/cuidado-com-o-anjo-novela-resumo-capitulo-sbt-episodio-150x112.jpg 150w, https:\/\/migracao.redenoticia.com.br\/noticia\/imagens\/cuidado-com-o-anjo-novela-resumo-capitulo-sbt-episodio-265x198.jpg 265w\" sizes=\"auto, (max-width: 150px) 100vw, 150px\" \/><strong><em>Novela \u201cCuidado com o Anjo\u201d resumo 28\/03<\/em><\/strong>: Branca resolve voltar para a Europa e vai at\u00e9 ao hospital se despedir de Mal\u00fa. Logo depois, Jo\u00e3o Miguel se despede de Branca no aeroporto e, quando ela est\u00e1 prestes a embarcar, Leopardo aparece. Ele diz que a ama e pede que n\u00e3o v\u00e1 embora. Leopardo promete que vai faz\u00ea-la feliz, volta ao hospital e confessa a Mal\u00fa que ama Branca. Malu sente aliviada ao saber que Branca n\u00e3o ama Jo\u00e3o Miguel. A jovem garante a Leopardo que est\u00e1 tudo bem e d\u00e1 a ele a not\u00edcia que recuperou a vis\u00e3o. Livre de qualquer remorso, Leopardo fica feliz por ela. Leopardo diz a Branca que Mal\u00fa est\u00e1 curada e os dois fazem planos para comemorar o amor e a felicidade. Enquanto isso, Estef\u00e2nia confessa o crime, foge da pol\u00edcia e vai atr\u00e1s de Amador em seu apartamento.<\/p>\n<p>No capitulo 086(*), novela \u201cCuidado com o Anjo\u201d, segunda-feira, 28 de mar\u00e7o \u2013 O delegado diz a Estef\u00e2nia que sua tia afirma que ela \u00e9 culpada pelo atentado. Sem sa\u00edda, Estef\u00e2nia acaba confessando o crime diante de Patr\u00edcio, mas acusa Isabela de ser sua c\u00famplice. O delegado decide fazer uma acarea\u00e7\u00e3o. No aeroporto, Jo\u00e3o Miguel se despede de Branca e, quando ela est\u00e1 prestes a embarcar, Leopardo aparece, diz que a ama e pede que n\u00e3o v\u00e1 embora. Mal\u00fa aprende a caminhar pelo quarto. Candel\u00e1ria se emociona com a coragem e determina\u00e7\u00e3o dela. Amador d\u00e1 uma semana de prazo a Beatriz para que termine seu relacionamento com Eduardo ou, caso contr\u00e1rio, vai requerer a guarda de seu filho.<\/p>\n<p>Durante acarea\u00e7\u00e3o, Patr\u00edcio fica sabendo tudo que Estef\u00e2nia fez para prejudicar Mal\u00fa e perde os sentidos. Fria, Estef\u00e2nia diz que n\u00e3o se importa com o que acontece ao juiz, pois agora o odeia tanto quanto odeia Mal\u00fa. Depois de prometer a Branca que vai faz\u00ea-la feliz, Leopardo vai at\u00e9 o hospital e confessa a Mal\u00fa que ama Branca e se casar\u00e1 com ela. Mal\u00fa se sente aliviada ao saber que Branca n\u00e3o ama Jo\u00e3o Miguel. Mal\u00fa garante a Leopardo que est\u00e1 tudo bem e d\u00e1 a ele a not\u00edcia que recuperou a vis\u00e3o. Livre de qualquer remorso, Leopardo fica feliz ao saber que Mal\u00fa recuperou a vis\u00e3o. Jo\u00e3o Miguel comunica Cec\u00edlia que Patr\u00edcio sofreu um infarto e que seu estado inspira cuidados. Mal\u00fa diz a Candel\u00e1ria que mentiu dizendo que havia recuperado a vis\u00e3o, para que Leopardo pudesse ir embora tranquilo e ser feliz com Branca.<\/p>\n<p>Mal\u00fa recebe alta e decide voltar para o apartamento de Amador, pois n\u00e3o poderia viver sob o mesmo teto que o pai, pois ele nunca a viu como uma filha. Enquanto isso, no hospital, Patr\u00edcio delira e pede perd\u00e3o \u00e0 filha. Leopardo diz a Branca que Mal\u00fa est\u00e1 curada e os dois fazem planos para comemorar o amor e a felicidade. Estef\u00e2nia \u00e9 comunicada que ser\u00e1 transferida para o pres\u00eddio feminino enquanto aguarda o julgamento. Arrependida de todos seus erros, Of\u00e9lia pede perd\u00e3o \u00e0 neta e diz que a ama muito. Estef\u00e2nia foge da pris\u00e3o, vai at\u00e9 a casa de Amador e l\u00e1 encontra Mal\u00fa. A mo\u00e7a amea\u00e7a a garota. Candel\u00e1ria tenta defend\u00ea-la, mas \u00e9 derrubada e perde os sentidos. Jo\u00e3o Miguel vai at\u00e9 o hospital e se surpreende ao saber que Mal\u00fa j\u00e1 recebeu alta. Amador evita que Estef\u00e2nia fa\u00e7a mal a Mal\u00fa e a expulsa de sua casa. Depois ele tamb\u00e9m expulsa Mal\u00fa e Candel\u00e1ria.<\/p>\n<p>(*) edi\u00e7\u00e3o do SBT, Novela \u201cCuidado com o Anjo\u201d, sujeito a altera\u00e7\u00e3o de data e conte\u00fado.<\/p>\n","protected":false},"excerpt":{"rendered":"<p>Novela \u201cCuidado com o Anjo\u201d resumo 28\/03: Branca resolve voltar para a Europa e vai at\u00e9 ao hospital se despedir de Mal\u00fa. Logo depois, Jo\u00e3o Miguel se despede de Branca no aeroporto e, quando ela est\u00e1 prestes a embarcar, Leopardo aparece. Ele diz que a ama e pede que n\u00e3o v\u00e1 embora. Leopardo promete que [&hellip;]<\/p>\n","protected":false},"author":2,"featured_media":82049,"comment_status":"open","ping_status":"closed","sticky":false,"template":"","format":"standard","meta":{"tdm_status":"","tdm_grid_status":"","footnotes":""},"categories":[379,372,343],"tags":[],"class_list":{"0":"post-83136","1":"post","2":"type-post","3":"status-publish","4":"format-standard","5":"has-post-thumbnail","7":"category-novelas","8":"category-sbt","9":"category-televisao"},"_links":{"self":[{"href":"https:\/\/migracao.redenoticia.com.br\/noticia\/wp-json\/wp\/v2\/posts\/83136","targetHints":{"allow":["GET"]}}],"collection":[{"href":"https:\/\/migracao.redenoticia.com.br\/noticia\/wp-json\/wp\/v2\/posts"}],"about":[{"href":"https:\/\/migracao.redenoticia.com.br\/noticia\/wp-json\/wp\/v2\/types\/post"}],"author":[{"embeddable":true,"href":"https:\/\/migracao.redenoticia.com.br\/noticia\/wp-json\/wp\/v2\/users\/2"}],"replies":[{"embeddable":true,"href":"https:\/\/migracao.redenoticia.com.br\/noticia\/wp-json\/wp\/v2\/comments?post=83136"}],"version-history":[{"count":0,"href":"https:\/\/migracao.redenoticia.com.br\/noticia\/wp-json\/wp\/v2\/posts\/83136\/revisions"}],"wp:featuredmedia":[{"embeddable":true,"href":"https:\/\/migracao.redenoticia.com.br\/noticia\/wp-json\/wp\/v2\/media\/82049"}],"wp:attachment":[{"href":"https:\/\/migracao.redenoticia.com.br\/noticia\/wp-json\/wp\/v2\/media?parent=83136"}],"wp:term":[{"taxonomy":"category","embeddable":true,"href":"https:\/\/migracao.redenoticia.com.br\/noticia\/wp-json\/wp\/v2\/categories?post=83136"},{"taxonomy":"post_tag","embeddable":true,"href":"https:\/\/migracao.redenoticia.com.br\/noticia\/wp-json\/wp\/v2\/tags?post=83136"}],"curies":[{"name":"wp","href":"https:\/\/api.w.org\/{rel}","templated":true}]}}