{"id":83140,"date":"2016-03-27T18:10:29","date_gmt":"2016-03-27T21:10:29","guid":{"rendered":"http:\/\/www.redenoticia.com.br\/noticia\/?p=83140"},"modified":"2016-03-27T18:10:29","modified_gmt":"2016-03-27T21:10:29","slug":"novela-abismo-da-paixao-resumo-2803-o-padre-repreende-gael","status":"publish","type":"post","link":"https:\/\/migracao.redenoticia.com.br\/noticia\/2016\/novela-abismo-da-paixao-resumo-2803-o-padre-repreende-gael\/83140","title":{"rendered":"Novela \u201cAbismo da Paix\u00e3o\u201d resumo 28\/03: o padre repreende Gael"},"content":{"rendered":"<p> <img loading=\"lazy\" decoding=\"async\" class=\"alignleft size-thumbnail wp-image-81978\" src=\"https:\/\/migracao.redenoticia.com.br\/noticia\/imagens\/abismo_de_paixao_sbt_resumo_novela-150x112.jpg\" alt=\"abismo_de_paixao_sbt_resumo_novela\" width=\"150\" height=\"112\" srcset=\"https:\/\/migracao.redenoticia.com.br\/noticia\/imagens\/abismo_de_paixao_sbt_resumo_novela-150x112.jpg 150w, https:\/\/migracao.redenoticia.com.br\/noticia\/imagens\/abismo_de_paixao_sbt_resumo_novela-265x198.jpg 265w\" sizes=\"auto, (max-width: 150px) 100vw, 150px\" \/><strong><em>Novela \u201cAbismo da Paix\u00e3o\u201d resumo 28\/03<\/em><\/strong>: tr\u00eas amigos que se amam como irm\u00e3os: Elisa, Dami\u00e3o e Gael. Eles s\u00e3o t\u00e3o unidos que n\u00e3o aceitam outra pessoa em seu c\u00edrculo de amizade, e por isso excluem Paloma. Gael tem como tutor o Padre Guadalupe. O padre repreende Gael por ter fugido de casa para ir atr\u00e1s de Elisa. Gael chorando diz que se tivesse pais, eles o deixariam sair.<\/p>\n<p>No cap\u00edtulo 001 (*), novela \u201cAbismo da Paix\u00e3o\u201d, segunda-feira, 28 de mar\u00e7o \u2013 Elisa, Dami\u00e3o e Gael s\u00e3o tr\u00eas crian\u00e7as que se amam como irm\u00e3os. Eles n\u00e3o aceitam outra pessoa em seu c\u00edrculo de amizade, e por isso excluem Paloma. Os garotos ainda fazem maldades contra ela, pois a consideram a neta da bruxa do povoado. Elisa diz a Dami\u00e3o e Gael que Paloma pode os acusar a sua av\u00f3, que os transformaria em sapos. Almerinda, m\u00e3e de Dami\u00e3o, \u00e9 uma mulher dura, que n\u00e3o est\u00e1 de acordo que seu filho tenha amizade com Gael e Elisa. Estef\u00e2nia, m\u00e3e de Elisa, \u00e9 uma mulher bonita e boa, ela decide que, para melhorar rela\u00e7\u00f5es com Almerinda, vai preparar um jantar em sua casa para ela e Rog\u00e9rio.<\/p>\n<p>Carmen, irm\u00e3 de Estef\u00e2nia, finge ama-la, mas na realidade \u00e9 uma grande invejosa, e deseja ter tudo que pertence a irm\u00e3. O Padre Guadalupe \u00e9 o tutor de Gael, e tenta convenc\u00ea-lo a n\u00e3o ir \u00e0 casa de Elisa, porque o jantar \u00e9 somente para adultos. Almerinda est\u00e1 furiosa, pois proibiu Dami\u00e3o de ir ao jantar, mas Rog\u00e9rio acabou a desautorizando perante o garoto. Augusto agradece a Carmen por ter ficado para jantar com eles ainda que Rog\u00e9rio n\u00e3o a agrade. Carmen trama contra a irm\u00e3, insinuando que ela apenas se vestiu elegantemente para ficar bem perante os Arango. Augusto pergunta a Almerinda porque ela odeia tanto Estef\u00e2nia, Almerinda tenta negar, mas acaba dizendo que n\u00e3o suporta Estef\u00e2nia porque ela e seu marido se entendem as suas costas. Almerinda finge sentir se mal para n\u00e3o ficar para jantar, Estef\u00e2nia a diz que caso coma algo, certamente se sentir\u00e1 melhor. O padre Guadalupe repreende Gael por ter fugido de casa para ir atr\u00e1s de Elisa. Gael chorando diz que se tivesse pais, eles o deixariam sair.<\/p>\n<p>Rog\u00e9rio recrimina Almerinda por ter feito uma grosseria no jantar oferecido por Estef\u00e2nia, ela, hist\u00e9rica, responde que certamente a ele encantou o jantar, e foi apenas para desfrutar da presen\u00e7a de Estef\u00e2nia, ela ainda grita para que o marido aceite que tem um caso com Estef\u00e2nia. Augusto, diante do \u201cveneno\u201d de Carmen, questiona a esposa se ela realmente o ama, ela responde que sim. Augusto diz a Carmen que Almerinda contou que Estef\u00e2nia e Rog\u00e9rio s\u00e3o amantes, ele completa dizendo que n\u00e3o acreditou nessa intriga, mas isso o irritou. Almerinda zangada, diz ao Padre Guadalupe que seu casamento vai de mal a pior. Rog\u00e9rio e Carmen se encontram, e se beijam, apaixonadamente.<\/p>\n<p>(*) edi\u00e7\u00e3o do SBT, Novela \u201cAbismo da Paix\u00e3o\u201d, sujeito a altera\u00e7\u00e3o de data e conte\u00fado.<\/p>\n","protected":false},"excerpt":{"rendered":"<p>Novela \u201cAbismo da Paix\u00e3o\u201d resumo 28\/03: tr\u00eas amigos que se amam como irm\u00e3os: Elisa, Dami\u00e3o e Gael. Eles s\u00e3o t\u00e3o unidos que n\u00e3o aceitam outra pessoa em seu c\u00edrculo de amizade, e por isso excluem Paloma. Gael tem como tutor o Padre Guadalupe. O padre repreende Gael por ter fugido de casa para ir atr\u00e1s [&hellip;]<\/p>\n","protected":false},"author":2,"featured_media":81978,"comment_status":"open","ping_status":"closed","sticky":false,"template":"","format":"standard","meta":{"tdm_status":"","tdm_grid_status":"","footnotes":""},"categories":[379,372,343],"tags":[],"class_list":{"0":"post-83140","1":"post","2":"type-post","3":"status-publish","4":"format-standard","5":"has-post-thumbnail","7":"category-novelas","8":"category-sbt","9":"category-televisao"},"_links":{"self":[{"href":"https:\/\/migracao.redenoticia.com.br\/noticia\/wp-json\/wp\/v2\/posts\/83140","targetHints":{"allow":["GET"]}}],"collection":[{"href":"https:\/\/migracao.redenoticia.com.br\/noticia\/wp-json\/wp\/v2\/posts"}],"about":[{"href":"https:\/\/migracao.redenoticia.com.br\/noticia\/wp-json\/wp\/v2\/types\/post"}],"author":[{"embeddable":true,"href":"https:\/\/migracao.redenoticia.com.br\/noticia\/wp-json\/wp\/v2\/users\/2"}],"replies":[{"embeddable":true,"href":"https:\/\/migracao.redenoticia.com.br\/noticia\/wp-json\/wp\/v2\/comments?post=83140"}],"version-history":[{"count":0,"href":"https:\/\/migracao.redenoticia.com.br\/noticia\/wp-json\/wp\/v2\/posts\/83140\/revisions"}],"wp:featuredmedia":[{"embeddable":true,"href":"https:\/\/migracao.redenoticia.com.br\/noticia\/wp-json\/wp\/v2\/media\/81978"}],"wp:attachment":[{"href":"https:\/\/migracao.redenoticia.com.br\/noticia\/wp-json\/wp\/v2\/media?parent=83140"}],"wp:term":[{"taxonomy":"category","embeddable":true,"href":"https:\/\/migracao.redenoticia.com.br\/noticia\/wp-json\/wp\/v2\/categories?post=83140"},{"taxonomy":"post_tag","embeddable":true,"href":"https:\/\/migracao.redenoticia.com.br\/noticia\/wp-json\/wp\/v2\/tags?post=83140"}],"curies":[{"name":"wp","href":"https:\/\/api.w.org\/{rel}","templated":true}]}}