{"id":83142,"date":"2016-03-27T18:12:16","date_gmt":"2016-03-27T21:12:16","guid":{"rendered":"http:\/\/www.redenoticia.com.br\/noticia\/?p=83142"},"modified":"2016-03-27T18:12:16","modified_gmt":"2016-03-27T21:12:16","slug":"novela-meu-coracao-e-teu-resumo-2803ana-confunde-diego-com-ladrao","status":"publish","type":"post","link":"https:\/\/migracao.redenoticia.com.br\/noticia\/2016\/novela-meu-coracao-e-teu-resumo-2803ana-confunde-diego-com-ladrao\/83142","title":{"rendered":"Novela \u201cMeu Cora\u00e7\u00e3o \u00e9 Teu\u201d resumo 28\/03:Ana confunde Diego com ladr\u00e3o"},"content":{"rendered":"<p> <img loading=\"lazy\" decoding=\"async\" class=\"alignleft size-thumbnail wp-image-82119\" src=\"https:\/\/migracao.redenoticia.com.br\/noticia\/imagens\/meu_coracao_e_teu_novela_resumo_sbt-150x112.jpg\" alt=\"meu_coracao_e_teu_novela_resumo_sbt\" width=\"150\" height=\"112\" srcset=\"https:\/\/migracao.redenoticia.com.br\/noticia\/imagens\/meu_coracao_e_teu_novela_resumo_sbt-150x112.jpg 150w, https:\/\/migracao.redenoticia.com.br\/noticia\/imagens\/meu_coracao_e_teu_novela_resumo_sbt-265x198.jpg 265w\" sizes=\"auto, (max-width: 150px) 100vw, 150px\" \/><strong><em>Novela \u201cMeu Cora\u00e7\u00e3o \u00e9 Teu\u201d resumo 28\/03<\/em><\/strong>: n\u00e3o tem jeito mesmo, Isabela est\u00e1 conseguindo tudo o quer de Fernando. Ela consegue um cart\u00e3o de cr\u00e9dito para fazer a festa de noivado e aproveita para gastar. Diego, irm\u00e3o de Fernando chega a mans\u00e3o e Ana o confunde com ladr\u00e3o. Ele rapidamente a explica quem \u00e9 e Ana se desculpa, envergonhada. Diego nota uma tens\u00e3o entre ela e Fernando. Diego se interessa por Ana. Fernando fica triste pelo que est\u00e1 a prestes a fazer com Isabela e se mostra pouco convencido em se casar com ela. Ana e Fernando se encontram. Ele tenta falar de seu sentimento e Ana o rejeita. Por mais que Ana tenha pedido aos filhos de Fernando para se comportarem na festa de noivado, ela n\u00e3o consegue. Na hora da festa, as crian\u00e7as distraem Isabela e Fernando para colocarem uma substancia estranha na comida que est\u00e1 sendo servida para Isabela. Quando Isabela est\u00e1 falando em p\u00fablico agradecendo a todos pela presen\u00e7a em sua festa, come\u00e7a a arrotar de maneira muito escandalosa.<\/p>\n<p>No cap\u00edtulo 021 (*), novela \u201cMeu Cora\u00e7\u00e3o \u00e9 Teu\u201d, segunda-feira, 28 de mar\u00e7o \u2013 Fernando informa Ana que ir\u00e3o fazer uma festa de compromisso para ele e Isabela, e pede a ela que converse com as crian\u00e7as para evitar assim qualquer travessura. Ana fala com as crian\u00e7as. Isabela e Yolanda passam horas procurando um vestido para a festa. Ana volta a casa dos Lascurain depois de dan\u00e7ar no \u201cChicago\u201d. Ela d\u00e1 de cara com Diego Lascurain, irm\u00e3o de Fernando, e pensa que ele \u00e9 um ladr\u00e3o. Ele rapidamente a explica quem \u00e9 e Ana se desculpa, envergonhada. Diego nota uma tens\u00e3o entre Ana e Fernando. Diego se interessa por Ana. Fanny e Leon fazem amor. Fanny fica feliz pelo momento maravilhoso que viveu e conta tudo a Ana.<\/p>\n<p>Diego cumprimenta, seus sobrinhos e lhes conta a hist\u00f3ria do tubar\u00e3o branco que o atacou. Ana fica assombrada com a hist\u00f3ria. Fernando pede ao irm\u00e3o que tenha cuidado com as hist\u00f3rias que conta a seus filhos. Isabela n\u00e3o poupa gastos para sua festa. As crian\u00e7as tramam um plano para sabotar a festa de Isabela. Nicolas est\u00e1 muito preocupado com Jennifer e pede a Ana que fale com ela para investigar. Jonnhy descobre erros nos exames de Jennifer. Fernando fica triste pelo que est\u00e1 a prestes a fazer com Isabela e se mostra pouco convencido em se casar com ela. Diego se lembra de um fato passado que o separou de Fernando. Nicolas pede a Ana que fale com Jennifer, porque j\u00e1 n\u00e3o sabe mais o que fazer. Diego descobre que houve um in\u00edcio de rela\u00e7\u00e3o entre Ana e Fernando. Isabela obriga Ana a usar um uniforme horroroso para a festa. Isabela est\u00e1 como louca terminando e cuidando de todos os detalhes para a festa. As crian\u00e7as garantem a Ana que n\u00e3o far\u00e3o nenhuma travessura na festa, mas n\u00e3o escondem que planejam algo. Ana e Fernando se encontram. Ele tenta falar de seu sentimento e Ana o rejeita.<\/p>\n<p>Jennifer decide ir a festa de Isabela para apoiar sua amiga Ana. Yolanda se arruma para a festa, mas quando chega Isabela se envergonha dela e a apresenta como sua bab\u00e1. Yolanda fica muito triste por isso. Ana e Jennifer suspeitam que Yolanda n\u00e3o \u00e9 bab\u00e1 de Isabela, mas sua m\u00e3e. Jonnhy exagera na bebida e enfrenta Dorival. As crian\u00e7as distraem Isabela e Fernando para colocarem uma substancia estranha na comida que est\u00e1 sendo servida para Isabela. Quando Isabela est\u00e1 falando em p\u00fablico agradecendo a todos pela presen\u00e7a em sua festa, come\u00e7a a arrotar de maneira muito escandalosa. Yolanda tenta ajud\u00e1-la, mas \u00e9 em v\u00e3o. Ana rapidamente desconfia que isso foi arte das crian\u00e7as. Quando Isabela se sente melhor, volta para a festa e, em frente a todos os convidados, Fernando a pede em casamento.<\/p>\n<p>(*) edi\u00e7\u00e3o do SBT, Novela \u201cMeu Cora\u00e7\u00e3o \u00e9 Teu\u201d, sujeito a altera\u00e7\u00e3o de data e conte\u00fado.<\/p>\n","protected":false},"excerpt":{"rendered":"<p>Novela \u201cMeu Cora\u00e7\u00e3o \u00e9 Teu\u201d resumo 28\/03: n\u00e3o tem jeito mesmo, Isabela est\u00e1 conseguindo tudo o quer de Fernando. Ela consegue um cart\u00e3o de cr\u00e9dito para fazer a festa de noivado e aproveita para gastar. Diego, irm\u00e3o de Fernando chega a mans\u00e3o e Ana o confunde com ladr\u00e3o. Ele rapidamente a explica quem \u00e9 e [&hellip;]<\/p>\n","protected":false},"author":2,"featured_media":82119,"comment_status":"open","ping_status":"closed","sticky":false,"template":"","format":"standard","meta":{"tdm_status":"","tdm_grid_status":"","footnotes":""},"categories":[379,372,343],"tags":[],"class_list":{"0":"post-83142","1":"post","2":"type-post","3":"status-publish","4":"format-standard","5":"has-post-thumbnail","7":"category-novelas","8":"category-sbt","9":"category-televisao"},"_links":{"self":[{"href":"https:\/\/migracao.redenoticia.com.br\/noticia\/wp-json\/wp\/v2\/posts\/83142","targetHints":{"allow":["GET"]}}],"collection":[{"href":"https:\/\/migracao.redenoticia.com.br\/noticia\/wp-json\/wp\/v2\/posts"}],"about":[{"href":"https:\/\/migracao.redenoticia.com.br\/noticia\/wp-json\/wp\/v2\/types\/post"}],"author":[{"embeddable":true,"href":"https:\/\/migracao.redenoticia.com.br\/noticia\/wp-json\/wp\/v2\/users\/2"}],"replies":[{"embeddable":true,"href":"https:\/\/migracao.redenoticia.com.br\/noticia\/wp-json\/wp\/v2\/comments?post=83142"}],"version-history":[{"count":0,"href":"https:\/\/migracao.redenoticia.com.br\/noticia\/wp-json\/wp\/v2\/posts\/83142\/revisions"}],"wp:featuredmedia":[{"embeddable":true,"href":"https:\/\/migracao.redenoticia.com.br\/noticia\/wp-json\/wp\/v2\/media\/82119"}],"wp:attachment":[{"href":"https:\/\/migracao.redenoticia.com.br\/noticia\/wp-json\/wp\/v2\/media?parent=83142"}],"wp:term":[{"taxonomy":"category","embeddable":true,"href":"https:\/\/migracao.redenoticia.com.br\/noticia\/wp-json\/wp\/v2\/categories?post=83142"},{"taxonomy":"post_tag","embeddable":true,"href":"https:\/\/migracao.redenoticia.com.br\/noticia\/wp-json\/wp\/v2\/tags?post=83142"}],"curies":[{"name":"wp","href":"https:\/\/api.w.org\/{rel}","templated":true}]}}