{"id":83144,"date":"2016-03-27T18:13:39","date_gmt":"2016-03-27T21:13:39","guid":{"rendered":"http:\/\/www.redenoticia.com.br\/noticia\/?p=83144"},"modified":"2016-03-27T18:13:39","modified_gmt":"2016-03-27T21:13:39","slug":"novela-cumplices-de-um-resgate-resumo-2803-ofelio-salva-a-amada","status":"publish","type":"post","link":"https:\/\/migracao.redenoticia.com.br\/noticia\/2016\/novela-cumplices-de-um-resgate-resumo-2803-ofelio-salva-a-amada\/83144","title":{"rendered":"Novela \u201cC\u00famplices de um Resgate\u201d resumo 28\/03: Of\u00e9lio salva a amada"},"content":{"rendered":"<p> <img loading=\"lazy\" decoding=\"async\" class=\"alignleft size-thumbnail wp-image-71351\" src=\"https:\/\/migracao.redenoticia.com.br\/noticia\/imagens\/cumplices_de_um_resgate_sbt_novela_resumo-150x112.jpg\" alt=\"cumplices_de_um_resgate_sbt_novela_resumo\" width=\"150\" height=\"112\" srcset=\"https:\/\/migracao.redenoticia.com.br\/noticia\/imagens\/cumplices_de_um_resgate_sbt_novela_resumo-150x112.jpg 150w, https:\/\/migracao.redenoticia.com.br\/noticia\/imagens\/cumplices_de_um_resgate_sbt_novela_resumo-265x198.jpg 265w\" sizes=\"auto, (max-width: 150px) 100vw, 150px\" \/><strong><em>Novela \u201cC\u00famplices de um Resgate\u201d resumo 28\/03<\/em><\/strong>: Marina est\u00e1 fingindo que perdeu a mem\u00f3ria para poder despistar Regina. Regina n\u00e3o acredita e manda os capangas no vilarejo para averiguar se Marina perdeu a mem\u00f3ria mesmo. A mulher finge n\u00e3o lembrar de nada e convence os dois. Navarro e Vargas decidem levar Marina mesmo assim, mas Of\u00e9lio aparece para salvar a amada. Quando voltam para a cidade, os capangas dizem para Regina que Marina realmente perdeu a mem\u00f3ria. Regina diz para Geraldo que far\u00e1 Marina assinar um documento em que abre m\u00e3o da administra\u00e7\u00e3o do dinheiro de Isabela. Com o documento ela acredita que conseguir\u00e1 convencer Raul a passar a administra\u00e7\u00e3o da fortuna para ela. Manuela escuta toda a conversa e fica preocupada.<\/p>\n<p>No cap\u00edtulo 171(*), novela \u201cC\u00famplice de um Resgate\u201d, segunda-feira, 28 de mar\u00e7o \u2013 Regina diz para Geraldo que far\u00e1 Marina assinar um documento em que abre m\u00e3o da administra\u00e7\u00e3o do dinheiro de Isabela. A megera pensa que Marina realmente perdeu a mem\u00f3ria. Com o documento ela acredita que conseguir\u00e1 convencer Raul a passar a administra\u00e7\u00e3o da fortuna para ela. Manuela escuta toda a conversa e fica preocupada. No vilarejo, Sabrina assume a culpa pelos atos de Omar e diz que foi ela quem sabotou a sorveteria.<\/p>\n<p>Enquanto isso, Priscila n\u00e3o quer comer por acreditar estar gorda, mesmo sendo magra. Of\u00e9lio pega documento escondido no escrit\u00f3rio de Regina. Dinho est\u00e1 irritado e surta at\u00e9 mesmo com Meire. \u201cEu n\u00e3o sou mais o mesmo\u201d, diz Dinho, que sofre por Helena estar namorando Fausto. Assustada, Meire corre para o apartamento de Alicia e pede ajuda para ela. Of\u00e9lio conta para Manuela que conseguiu o documento da guarda de Isabela. Manuela diz que o amigo esqueceu de apagar o documento do computador dela e por isso precisam impedir que Regina saia da mans\u00e3o. Omar \u00e9 ingrato com a ajuda de Sabrina. Mesmo assim, Sabrina est\u00e1 confusa se est\u00e1 gostando de Omar. Marta Lobo vai at\u00e9 a casa de Rebeca pra falar com ela e dona Nina.<\/p>\n<p>A enfermeira conta que o \u00faltimo parto que ela fez foi o de Rebeca, mas antes de contar o motivo, Isabela aparece. Marta Lobo (Luciana Carnieli) vai embora. Giuseppe comemora que finalmente o bra\u00e7o de Fiorina volta a se mexer. Safira vai at\u00e9 a casa de seus pais. Fortunato e Aurora cobram dela uma resposta sobre o que ela fez com Priscila. Sabrina conta para D\u00f3ris que est\u00e1 triste por Omar n\u00e3o v\u00ea-la de outra maneira, por estar gostando dele. D\u00f3ris diz que ela deveria se declarar. Surtado, Dinho tenta matar Bartolomeu a pauladas. Meire aparece para salvar seu gato. Alicia tenta falar com ele, que se irrita. Todos fogem dele.<\/p>\n<p>(*) edi\u00e7\u00e3o do SBT, Novela \u201cC\u00famplices de um Resgate\u201d, sujeito a altera\u00e7\u00e3o de data e conte\u00fado.<\/p>\n","protected":false},"excerpt":{"rendered":"<p>Novela \u201cC\u00famplices de um Resgate\u201d resumo 28\/03: Marina est\u00e1 fingindo que perdeu a mem\u00f3ria para poder despistar Regina. Regina n\u00e3o acredita e manda os capangas no vilarejo para averiguar se Marina perdeu a mem\u00f3ria mesmo. A mulher finge n\u00e3o lembrar de nada e convence os dois. Navarro e Vargas decidem levar Marina mesmo assim, mas [&hellip;]<\/p>\n","protected":false},"author":2,"featured_media":71351,"comment_status":"open","ping_status":"closed","sticky":false,"template":"","format":"standard","meta":{"tdm_status":"","tdm_grid_status":"","footnotes":""},"categories":[379,372,343],"tags":[],"class_list":{"0":"post-83144","1":"post","2":"type-post","3":"status-publish","4":"format-standard","5":"has-post-thumbnail","7":"category-novelas","8":"category-sbt","9":"category-televisao"},"_links":{"self":[{"href":"https:\/\/migracao.redenoticia.com.br\/noticia\/wp-json\/wp\/v2\/posts\/83144","targetHints":{"allow":["GET"]}}],"collection":[{"href":"https:\/\/migracao.redenoticia.com.br\/noticia\/wp-json\/wp\/v2\/posts"}],"about":[{"href":"https:\/\/migracao.redenoticia.com.br\/noticia\/wp-json\/wp\/v2\/types\/post"}],"author":[{"embeddable":true,"href":"https:\/\/migracao.redenoticia.com.br\/noticia\/wp-json\/wp\/v2\/users\/2"}],"replies":[{"embeddable":true,"href":"https:\/\/migracao.redenoticia.com.br\/noticia\/wp-json\/wp\/v2\/comments?post=83144"}],"version-history":[{"count":0,"href":"https:\/\/migracao.redenoticia.com.br\/noticia\/wp-json\/wp\/v2\/posts\/83144\/revisions"}],"wp:featuredmedia":[{"embeddable":true,"href":"https:\/\/migracao.redenoticia.com.br\/noticia\/wp-json\/wp\/v2\/media\/71351"}],"wp:attachment":[{"href":"https:\/\/migracao.redenoticia.com.br\/noticia\/wp-json\/wp\/v2\/media?parent=83144"}],"wp:term":[{"taxonomy":"category","embeddable":true,"href":"https:\/\/migracao.redenoticia.com.br\/noticia\/wp-json\/wp\/v2\/categories?post=83144"},{"taxonomy":"post_tag","embeddable":true,"href":"https:\/\/migracao.redenoticia.com.br\/noticia\/wp-json\/wp\/v2\/tags?post=83144"}],"curies":[{"name":"wp","href":"https:\/\/api.w.org\/{rel}","templated":true}]}}