{"id":83146,"date":"2016-03-27T18:14:58","date_gmt":"2016-03-27T21:14:58","guid":{"rendered":"http:\/\/www.redenoticia.com.br\/noticia\/?p=83146"},"modified":"2016-03-27T18:14:58","modified_gmt":"2016-03-27T21:14:58","slug":"novela-carrossel-resumo-2803-paulo-debocha-a-diretora-olivia","status":"publish","type":"post","link":"https:\/\/migracao.redenoticia.com.br\/noticia\/2016\/novela-carrossel-resumo-2803-paulo-debocha-a-diretora-olivia\/83146","title":{"rendered":"Novela \u201cCarrossel\u201d resumo 28\/03: Paulo debocha a diretora Ol\u00edvia"},"content":{"rendered":"<p> <img loading=\"lazy\" decoding=\"async\" class=\"alignleft size-thumbnail wp-image-82147\" src=\"https:\/\/migracao.redenoticia.com.br\/noticia\/imagens\/Carrossel_resumo_novela_sbt-150x112.jpg\" alt=\"Carrossel_resumo_novela_sbt\" width=\"150\" height=\"112\" srcset=\"https:\/\/migracao.redenoticia.com.br\/noticia\/imagens\/Carrossel_resumo_novela_sbt-150x112.jpg 150w, https:\/\/migracao.redenoticia.com.br\/noticia\/imagens\/Carrossel_resumo_novela_sbt-265x198.jpg 265w\" sizes=\"auto, (max-width: 150px) 100vw, 150px\" \/><strong><em>Novela \u201cCarrossel\u201d resumo 28\/03<\/em><\/strong>: os alunos da professora Helena est\u00e3o que n\u00e3o se aguentam de tanta felicidade por estarem assistindo o trabalho que fizeram. Apenas Maria Joaquina arruma sempre uma desculpa para que o filme de sua equipe n\u00e3o passe. Mas, n\u00e3o tem jeito, o DVD mostra Paulo tirando sarro da diretora Ol\u00edvia. Para a sorte de todos, a diretora estava dormindo e n\u00e3o assistiu nada. Gra\u00e7a, Firmino e Ren\u00ea levam Ol\u00edvia para a sala. Maria Joaquina chora e Helena fica surpresa com a confiss\u00e3o. Maria Joaquina diz que a ideia foi do Jorge e que ela se arrependeu de escut\u00e1-lo e dar seguimento ao plano maldoso.<\/p>\n<p>No capitulo 272(*), novela \u201cCarrossel\u201d, segunda-feira, 28 de mar\u00e7o \u2013 Maria Joaquina chora arrependida pela maldade que fez. Paulo aparece no v\u00eddeo tirando muito sarro de Ol\u00edvia. Para a sorte de todos, a diretora estava dormindo e n\u00e3o assistiu nada. Gra\u00e7a, Firmino e Ren\u00ea levam Ol\u00edvia para a sala.<\/p>\n<p>Maria Joaquina revela que ela \u00e9 a culpada pela exibi\u00e7\u00e3o do v\u00eddeo errado. Helena fica surpresa com a confiss\u00e3o. Maria Joaquina diz que a ideia foi do Jorge e que ela se arrependeu de escut\u00e1-lo e dar seguimento ao plano maldoso.<\/p>\n<p>A turma fica muito irritada com o mauricinho. Jorge justifica que quis se vingar de Paulo, pois durante as filmagens, ao inv\u00e9s de maqui\u00e1-lo, Paulo fez uma pintura de palha\u00e7o em seu rosto.<\/p>\n<p>(*) edi\u00e7\u00e3o do SBT, Novela \u201cCarrossel\u201d, sujeito a altera\u00e7\u00e3o de data e conte\u00fado.<\/p>\n","protected":false},"excerpt":{"rendered":"<p>Novela \u201cCarrossel\u201d resumo 28\/03: os alunos da professora Helena est\u00e3o que n\u00e3o se aguentam de tanta felicidade por estarem assistindo o trabalho que fizeram. Apenas Maria Joaquina arruma sempre uma desculpa para que o filme de sua equipe n\u00e3o passe. Mas, n\u00e3o tem jeito, o DVD mostra Paulo tirando sarro da diretora Ol\u00edvia. Para a [&hellip;]<\/p>\n","protected":false},"author":2,"featured_media":82147,"comment_status":"open","ping_status":"closed","sticky":false,"template":"","format":"standard","meta":{"tdm_status":"","tdm_grid_status":"","footnotes":""},"categories":[379,372,343],"tags":[],"class_list":{"0":"post-83146","1":"post","2":"type-post","3":"status-publish","4":"format-standard","5":"has-post-thumbnail","7":"category-novelas","8":"category-sbt","9":"category-televisao"},"_links":{"self":[{"href":"https:\/\/migracao.redenoticia.com.br\/noticia\/wp-json\/wp\/v2\/posts\/83146","targetHints":{"allow":["GET"]}}],"collection":[{"href":"https:\/\/migracao.redenoticia.com.br\/noticia\/wp-json\/wp\/v2\/posts"}],"about":[{"href":"https:\/\/migracao.redenoticia.com.br\/noticia\/wp-json\/wp\/v2\/types\/post"}],"author":[{"embeddable":true,"href":"https:\/\/migracao.redenoticia.com.br\/noticia\/wp-json\/wp\/v2\/users\/2"}],"replies":[{"embeddable":true,"href":"https:\/\/migracao.redenoticia.com.br\/noticia\/wp-json\/wp\/v2\/comments?post=83146"}],"version-history":[{"count":0,"href":"https:\/\/migracao.redenoticia.com.br\/noticia\/wp-json\/wp\/v2\/posts\/83146\/revisions"}],"wp:featuredmedia":[{"embeddable":true,"href":"https:\/\/migracao.redenoticia.com.br\/noticia\/wp-json\/wp\/v2\/media\/82147"}],"wp:attachment":[{"href":"https:\/\/migracao.redenoticia.com.br\/noticia\/wp-json\/wp\/v2\/media?parent=83146"}],"wp:term":[{"taxonomy":"category","embeddable":true,"href":"https:\/\/migracao.redenoticia.com.br\/noticia\/wp-json\/wp\/v2\/categories?post=83146"},{"taxonomy":"post_tag","embeddable":true,"href":"https:\/\/migracao.redenoticia.com.br\/noticia\/wp-json\/wp\/v2\/tags?post=83146"}],"curies":[{"name":"wp","href":"https:\/\/api.w.org\/{rel}","templated":true}]}}