{"id":83148,"date":"2016-03-27T18:16:07","date_gmt":"2016-03-27T21:16:07","guid":{"rendered":"http:\/\/www.redenoticia.com.br\/noticia\/?p=83148"},"modified":"2016-03-27T18:16:07","modified_gmt":"2016-03-27T21:16:07","slug":"novela-sila-resumo-2803-sila-volta-para-sua-terra-natal","status":"publish","type":"post","link":"https:\/\/migracao.redenoticia.com.br\/noticia\/2016\/novela-sila-resumo-2803-sila-volta-para-sua-terra-natal\/83148","title":{"rendered":"Novela \u201cSila\u201d resumo 28\/03: Sila volta para sua terra natal"},"content":{"rendered":"<p> <img loading=\"lazy\" decoding=\"async\" src=\"https:\/\/migracao.redenoticia.com.br\/noticia\/imagens\/sila_band_novela_resumo_capitulo-150x112.jpg\" alt=\"sila_band_novela_resumo_capitulo\" width=\"150\" height=\"112\" class=\"alignleft size-thumbnail wp-image-83098\" srcset=\"https:\/\/migracao.redenoticia.com.br\/noticia\/imagens\/sila_band_novela_resumo_capitulo-150x112.jpg 150w, https:\/\/migracao.redenoticia.com.br\/noticia\/imagens\/sila_band_novela_resumo_capitulo-265x198.jpg 265w\" sizes=\"auto, (max-width: 150px) 100vw, 150px\" \/><strong><em> Novela \u201cSila\u201d resumo 28\/03<\/em><\/strong>: Cecil, pai de Sila, procura a filha, sob o pretexto de que sua m\u00e3e biol\u00f3gica est\u00e1 muito doente e deseja v\u00ea-la uma \u00faltima vez. Sila concorda em voltar a sua terra natal e conhecer seus familiares, no entanto, o verdadeiro motivo de Cecil lev\u00e1-la de volta a Mardin, \u00e9 para que a jovem se case, afim de pagar uma d\u00edvida de sangue, que seu irm\u00e3o Azad adquiriu com a principal fam\u00edlia da tribo, ao ter rela\u00e7\u00f5es com Narin, a ca\u00e7ula da fam\u00edlia Genko.<\/p>\n<p>No capitulo 001 (*), novela \u201cSila\u201d, de mar\u00e7o \u2013 Sila \u00e9 entregada a um homem rico quando era uma menina pequena. Desde ent\u00e3o, vive em Istambul com muitos luxos junto aos seus pais adotivos. Quando vai completar 18 anos, seu pai biol\u00f3gico, Celil, vai at\u00e9 sua casa e a convence a ir embora com ele, dizendo que sua verdadeira m\u00e3e, Bedar, vai morrer e que quer conhec\u00ea-la antes disso.<\/p>\n<p>\u00c9 nessa ocasi\u00e3o que Sila conhece toda sua fam\u00edlia biol\u00f3gica, que tem costumes muito diferentes. Inclusive em sua estadia lhe fazem acreditar que \u00e9 a convidada de honra na festa de casamento de seu irm\u00e3o biol\u00f3gico, Azad.<\/p>\n<p>\u00c9 ali onde lhe contam a verdade e a amea\u00e7am dizendo que por obriga\u00e7\u00e3o dever\u00e1 se casar com um homem chamado Boran, que \u00e9 vi\u00favo, e quem n\u00e3o conhece. S\u00f3 assim poder\u00e1 salvar a vida de seu irm\u00e3o Azad, quem se deitou com a irm\u00e3 de Boran.<\/p>\n<p>(*) edi\u00e7\u00e3o da Band, Novela \u201cSila\u201d, sujeito a altera\u00e7\u00e3o de data e conte\u00fado.<\/p>\n","protected":false},"excerpt":{"rendered":"<p>Novela \u201cSila\u201d resumo 28\/03: Cecil, pai de Sila, procura a filha, sob o pretexto de que sua m\u00e3e biol\u00f3gica est\u00e1 muito doente e deseja v\u00ea-la uma \u00faltima vez. Sila concorda em voltar a sua terra natal e conhecer seus familiares, no entanto, o verdadeiro motivo de Cecil lev\u00e1-la de volta a Mardin, \u00e9 para que [&hellip;]<\/p>\n","protected":false},"author":2,"featured_media":83098,"comment_status":"open","ping_status":"closed","sticky":false,"template":"","format":"standard","meta":{"tdm_status":"","tdm_grid_status":"","footnotes":""},"categories":[390,379,343],"tags":[],"class_list":{"0":"post-83148","1":"post","2":"type-post","3":"status-publish","4":"format-standard","5":"has-post-thumbnail","7":"category-band","8":"category-novelas","9":"category-televisao"},"_links":{"self":[{"href":"https:\/\/migracao.redenoticia.com.br\/noticia\/wp-json\/wp\/v2\/posts\/83148","targetHints":{"allow":["GET"]}}],"collection":[{"href":"https:\/\/migracao.redenoticia.com.br\/noticia\/wp-json\/wp\/v2\/posts"}],"about":[{"href":"https:\/\/migracao.redenoticia.com.br\/noticia\/wp-json\/wp\/v2\/types\/post"}],"author":[{"embeddable":true,"href":"https:\/\/migracao.redenoticia.com.br\/noticia\/wp-json\/wp\/v2\/users\/2"}],"replies":[{"embeddable":true,"href":"https:\/\/migracao.redenoticia.com.br\/noticia\/wp-json\/wp\/v2\/comments?post=83148"}],"version-history":[{"count":0,"href":"https:\/\/migracao.redenoticia.com.br\/noticia\/wp-json\/wp\/v2\/posts\/83148\/revisions"}],"wp:featuredmedia":[{"embeddable":true,"href":"https:\/\/migracao.redenoticia.com.br\/noticia\/wp-json\/wp\/v2\/media\/83098"}],"wp:attachment":[{"href":"https:\/\/migracao.redenoticia.com.br\/noticia\/wp-json\/wp\/v2\/media?parent=83148"}],"wp:term":[{"taxonomy":"category","embeddable":true,"href":"https:\/\/migracao.redenoticia.com.br\/noticia\/wp-json\/wp\/v2\/categories?post=83148"},{"taxonomy":"post_tag","embeddable":true,"href":"https:\/\/migracao.redenoticia.com.br\/noticia\/wp-json\/wp\/v2\/tags?post=83148"}],"curies":[{"name":"wp","href":"https:\/\/api.w.org\/{rel}","templated":true}]}}